{"id":225767,"date":"2026-01-12T08:38:08","date_gmt":"2026-01-12T08:38:08","guid":{"rendered":"https:\/\/www.europesays.com\/pt\/225767\/"},"modified":"2026-01-12T08:38:08","modified_gmt":"2026-01-12T08:38:08","slug":"os-candidatos-a-belem-como-talvez-nunca-os-tenha-visto-o-lado-mais-descontraido-da-campanha-sic-noticias","status":"publish","type":"post","link":"https:\/\/www.europesays.com\/pt\/225767\/","title":{"rendered":"Os candidatos a Bel\u00e9m como talvez nunca os tenha visto: o lado mais descontra\u00eddo da campanha &#8211; SIC Not\u00edcias"},"content":{"rendered":"<ol>\n<li><a href=\"https:\/\/news.google.com\/rss\/articles\/CBMi-wFBVV95cUxPLUJyRUtYZTJ0SjdHTWpFTGhqUjFvcjZZRWRjSml6Z3BLMDBodnh0WnExVXcxdEk3b3l3T0lpakw1VmV3MTcwakR3bXMxWTh4WDIwSE9obUg2aTFNS3JvNDBTVVVGLTFZWXRwenRJU2pfV0NMdTNhOG9IRk1LUEh2Wi1tSVpuZ21RT0ZlYVgyUGZWYVdqRVFLb3JmaklIQXZjaWE1Y1JQbFdvZmVaN2FNX2VTZnUtTDdYT1hKVXhnVmYwUDB3WGprS0gwMFNCUnlDXzZ2NnNsNndSQnZvSWpsOFVGLXhCUzFKYlhFR0NOZlh6M1VoaHNVck1JZw?oc=5\" target=\"_blank\" rel=\"nofollow noopener\">Os candidatos a Bel\u00e9m como talvez nunca os tenha visto: o lado mais descontra\u00eddo da campanha<\/a>&nbsp;&nbsp;SIC Not\u00edcias<\/li>\n<li><a href=\"https:\/\/news.google.com\/rss\/articles\/CBMipgFBVV95cUxPUmhHOVVMZ3NQSHBJdUVxQlZFY294dFNpNlRpMUFISnBQQU5zRDhiYVp3NE1lQWpjblBDdXljdjlHbUlRVE9lcDhtTW1sWlE3c2V1Q09GNWRBemdsSjFQMDEyZXVsMl9EanVyZ1hiS29vMHFLbkJ5YXFiaHp6R1J6aUx0SVg1VVY4TlFiRktfUWVIRUt3X2wtZVdNWEVJOXRlNE52SWN3?oc=5\" target=\"_blank\" rel=\"nofollow noopener\">Saiba quem s\u00e3o os candidatos \u00e0 Presid\u00eancia de Portugal<\/a>&nbsp;&nbsp;Poder360<\/li>\n<li><a href=\"https:\/\/news.google.com\/rss\/articles\/CBMi5wFBVV95cUxNS0FXSWdUTWFPMkE4ZHFBVVQ1MHc1X1VpeWNRZ0JVWHJxMlpQSjlQVHRoY1lON1Z6R1A3Z2R2YkFFWDFFcFBEdXFHUXV2MFg2U0R0dzFXSDlyTkx0TzBrejV2VWtsMEJOdkg1d1UxZjBSSGI4allpRWJFN3l5aWo0ZzR0ajkweXBFQXEwT1d3S28yaFFQeHJFWjJHZEk3QjFOaDVyb2NCOGdreDN2WkVYdXBwYXo5X2ZmRlF6R2JFY0hfZDQ4UThNYXh2c0RESmFHQTFMdzlhYkktNXB3bmtva3pQVnVMV3M?oc=5\" target=\"_blank\" rel=\"nofollow noopener\">Presidenciais 2026: n\u00fameros da corrida a Bel\u00e9m<\/a>&nbsp;&nbsp;SIC Not\u00edcias<\/li>\n<li><a href=\"https:\/\/news.google.com\/rss\/articles\/CBMimgFBVV95cUxNUjEyYzZ4VzMxeWxUQ3A2bklpWGpIMEllZk5LWkc1bGM3TE1FeUxka0dIWEhKOUtiRzFfQ2VheU5hZFprenEtQ0lqckRtZVVJWGp2ZXVWYUk1eU81QWlRUk51TGpnNDFrT0s1Mjd2a0ZhWElTNzZERFpGbV9sM3RSWElxNF92ZUJnRlA1UHgtX1o2VXJoc2o3Tl9B?oc=5\" target=\"_blank\" rel=\"nofollow noopener\">7h Os limites \u00e0s contrata\u00e7\u00f5es no SNS<\/a>&nbsp;&nbsp;RTP<\/li>\n<li><a href=\"https:\/\/news.google.com\/rss\/articles\/CBMi6gFBVV95cUxOVUk2bEFUZjZzeDRqRFhkVDBtb1BjOHppWS1LdmxXMDhLdTc1QzJ5dTdJc1RvSTB0Qjhzekw0Wnhib0hKSWllMkhuRXg5Tjk3MmVXcDdmbTZjTWY3WGFzQWVKWWdvckk2RVJJU192YXowc1dmMHNqd3hxNDZER1d3T2lxajZZUHlWZUFhWE5nMC1XOVZvbzZua0oxLXZfVW5MdDNPVWJRT1lvQzAzRU5HNm82S1VocFRUSHhVeEl2cV9wckFVSFUySUJSSXVTOHk3d3QwcTRWWUdrVUJSRmdsWkFUSFJnb3pIRXc?oc=5\" target=\"_blank\" rel=\"nofollow noopener\">Presidenciais: 218 mil eleitores votam hoje antecipadamente<\/a>&nbsp;&nbsp;Jornal de Neg\u00f3cios<\/li>\n<\/ol>\n","protected":false},"excerpt":{"rendered":"Os candidatos a Bel\u00e9m como talvez nunca os tenha visto: o lado mais descontra\u00eddo da campanha&nbsp;&nbsp;SIC Not\u00edcias Saiba&hellip;\n","protected":false},"author":2,"featured_media":225042,"comment_status":"","ping_status":"","sticky":false,"template":"","format":"standard","meta":{"footnotes":""},"categories":[8],"tags":[27,28,15,16,14,25,26,21,22,12,13,19,20,32,23,24,33,17,18,29,30,31],"class_list":{"0":"post-225767","1":"post","2":"type-post","3":"status-publish","4":"format-standard","5":"has-post-thumbnail","7":"category-principais-noticias","8":"tag-breaking-news","9":"tag-breakingnews","10":"tag-featured-news","11":"tag-featurednews","12":"tag-headlines","13":"tag-latest-news","14":"tag-latestnews","15":"tag-main-news","16":"tag-mainnews","17":"tag-news","18":"tag-noticias","19":"tag-noticias-principais","20":"tag-noticiasprincipais","21":"tag-portugal","22":"tag-principais-noticias","23":"tag-principaisnoticias","24":"tag-pt","25":"tag-top-stories","26":"tag-topstories","27":"tag-ultimas","28":"tag-ultimas-noticias","29":"tag-ultimasnoticias"},"share_on_mastodon":{"url":"https:\/\/pubeurope.com\/@pt\/115881227290515279","error":""},"_links":{"self":[{"href":"https:\/\/www.europesays.com\/pt\/wp-json\/wp\/v2\/posts\/225767","targetHints":{"allow":["GET"]}}],"collection":[{"href":"https:\/\/www.europesays.com\/pt\/wp-json\/wp\/v2\/posts"}],"about":[{"href":"https:\/\/www.europesays.com\/pt\/wp-json\/wp\/v2\/types\/post"}],"author":[{"embeddable":true,"href":"https:\/\/www.europesays.com\/pt\/wp-json\/wp\/v2\/users\/2"}],"replies":[{"embeddable":true,"href":"https:\/\/www.europesays.com\/pt\/wp-json\/wp\/v2\/comments?post=225767"}],"version-history":[{"count":0,"href":"https:\/\/www.europesays.com\/pt\/wp-json\/wp\/v2\/posts\/225767\/revisions"}],"wp:featuredmedia":[{"embeddable":true,"href":"https:\/\/www.europesays.com\/pt\/wp-json\/wp\/v2\/media\/225042"}],"wp:attachment":[{"href":"https:\/\/www.europesays.com\/pt\/wp-json\/wp\/v2\/media?parent=225767"}],"wp:term":[{"taxonomy":"category","embeddable":true,"href":"https:\/\/www.europesays.com\/pt\/wp-json\/wp\/v2\/categories?post=225767"},{"taxonomy":"post_tag","embeddable":true,"href":"https:\/\/www.europesays.com\/pt\/wp-json\/wp\/v2\/tags?post=225767"}],"curies":[{"name":"wp","href":"https:\/\/api.w.org\/{rel}","templated":true}]}}