{"id":225774,"date":"2026-01-12T08:50:08","date_gmt":"2026-01-12T08:50:08","guid":{"rendered":"https:\/\/www.europesays.com\/pt\/225774\/"},"modified":"2026-01-12T08:50:08","modified_gmt":"2026-01-12T08:50:08","slug":"defesa-bruxelas-aprova-na-quarta-feira-plano-portugues-para-emprestimos-de-58-mil-milhoes-de-euros","status":"publish","type":"post","link":"https:\/\/www.europesays.com\/pt\/225774\/","title":{"rendered":"Defesa: Bruxelas aprova na quarta-feira plano portugu\u00eas para empr\u00e9stimos de 5,8 mil milh\u00f5es de euros"},"content":{"rendered":"<p>\t                H\u00e1 oito pa\u00edses que dever\u00e3o ter &#8216;luz verde&#8217; aos planos apresentados<\/p>\n<p>A Comiss\u00e3o Europeia vai aprovar, na quarta-feira, o plano para Portugal aceder a 5,8 mil milh\u00f5es de euros em empr\u00e9stimos a condi\u00e7\u00f5es favor\u00e1veis para investir em capacidades de defesa.<\/p>\n<p>\u201cPropusemos o SAFE [Instrumento de A\u00e7\u00e3o para a Seguran\u00e7a da Europa], a nossa iniciativa de aquisi\u00e7\u00e3o conjunta, h\u00e1 menos de um ano, e [\u2026] temos agora os planos dos Estados-membros. Planeamos aprovar metade deles j\u00e1 esta semana\u201d, anunciou a presidente da Comiss\u00e3o Europeia, Ursula von der Leyen, em declara\u00e7\u00f5es a um pequeno grupo de jornalistas em Bruxelas, incluindo a Lusa.<\/p>\n<p>Fontes europeias indicaram \u00e0 Lusa que em causa est\u00e3o oito pa\u00edses, de 18 candidatos, cujos planos dever\u00e3o ter \u2018luz verde\u2019 na pr\u00f3xima quarta-feira, sendo eles Portugal, Rom\u00e9nia, B\u00e9lgica, Bulg\u00e1ria, Chipre, Dinamarca, Espanha e Cro\u00e1cia.<\/p>\n","protected":false},"excerpt":{"rendered":"H\u00e1 oito pa\u00edses que dever\u00e3o ter &#8216;luz verde&#8217; aos planos apresentados A Comiss\u00e3o Europeia vai aprovar, na quarta-feira,&hellip;\n","protected":false},"author":2,"featured_media":225775,"comment_status":"","ping_status":"","sticky":false,"template":"","format":"standard","meta":{"footnotes":"","_share_on_mastodon":"0"},"categories":[50],"tags":[609,611,27,28,1835,607,608,1834,604,2537,610,539,14852,15,16,14,603,25,26,570,21,22,606,62,12,13,19,20,602,32,23,24,58,605,17,18,29,30,31,636,63,64,65],"class_list":["post-225774","post","type-post","status-publish","format-standard","has-post-thumbnail","category-mundo","tag-alerta","tag-ao-minuto","tag-breaking-news","tag-breakingnews","tag-bruxelas","tag-cnn","tag-cnn-portugal","tag-comissao-europeia","tag-crime","tag-defesa","tag-direto","tag-educacao","tag-emprestimos","tag-featured-news","tag-featurednews","tag-headlines","tag-justica","tag-latest-news","tag-latestnews","tag-live","tag-main-news","tag-mainnews","tag-meteorologia","tag-mundo","tag-news","tag-noticias","tag-noticias-principais","tag-noticiasprincipais","tag-pais","tag-portugal","tag-principais-noticias","tag-principaisnoticias","tag-sociedade","tag-tempo","tag-top-stories","tag-topstories","tag-ultimas","tag-ultimas-noticias","tag-ultimasnoticias","tag-uniao-europeia","tag-world","tag-world-news","tag-worldnews"],"share_on_mastodon":{"url":"","error":"Validation failed: Text character limit of 500 exceeded"},"_links":{"self":[{"href":"https:\/\/www.europesays.com\/pt\/wp-json\/wp\/v2\/posts\/225774","targetHints":{"allow":["GET"]}}],"collection":[{"href":"https:\/\/www.europesays.com\/pt\/wp-json\/wp\/v2\/posts"}],"about":[{"href":"https:\/\/www.europesays.com\/pt\/wp-json\/wp\/v2\/types\/post"}],"author":[{"embeddable":true,"href":"https:\/\/www.europesays.com\/pt\/wp-json\/wp\/v2\/users\/2"}],"replies":[{"embeddable":true,"href":"https:\/\/www.europesays.com\/pt\/wp-json\/wp\/v2\/comments?post=225774"}],"version-history":[{"count":0,"href":"https:\/\/www.europesays.com\/pt\/wp-json\/wp\/v2\/posts\/225774\/revisions"}],"wp:featuredmedia":[{"embeddable":true,"href":"https:\/\/www.europesays.com\/pt\/wp-json\/wp\/v2\/media\/225775"}],"wp:attachment":[{"href":"https:\/\/www.europesays.com\/pt\/wp-json\/wp\/v2\/media?parent=225774"}],"wp:term":[{"taxonomy":"category","embeddable":true,"href":"https:\/\/www.europesays.com\/pt\/wp-json\/wp\/v2\/categories?post=225774"},{"taxonomy":"post_tag","embeddable":true,"href":"https:\/\/www.europesays.com\/pt\/wp-json\/wp\/v2\/tags?post=225774"}],"curies":[{"name":"wp","href":"https:\/\/api.w.org\/{rel}","templated":true}]}}