{"id":225796,"date":"2026-01-12T09:18:12","date_gmt":"2026-01-12T09:18:12","guid":{"rendered":"https:\/\/www.europesays.com\/pt\/225796\/"},"modified":"2026-01-12T09:18:12","modified_gmt":"2026-01-12T09:18:12","slug":"em-ano-de-tarifas-defice-comercial-agrava-se-15-ate-novembro-conjuntura","status":"publish","type":"post","link":"https:\/\/www.europesays.com\/pt\/225796\/","title":{"rendered":"Em ano de tarifas, d\u00e9fice comercial agrava-se 15% at\u00e9 novembro &#8211; Conjuntura"},"content":{"rendered":"<p class=\"\">&#13;<br \/>\n        <b>A um m\u00eas de terminar 2025, o d\u00e9fice da balan\u00e7a comercial portuguesa de bens acumulou um agravamento de 15% face ao ano anterior<\/b>. Isso significa que, num ano marcado por uma <a href=\"https:\/\/www.jornaldenegocios.pt\/economia\/detalhe\/acontecimento-internacional-do-ano-guerra-de-tarifas\" target=\"_blank\" rel=\"tag nofollow noopener\">elevada incerteza devido \u00e0 \u201cguerra de tarifas\u201d<\/a>, o desequil\u00edbrio entre o que o pa\u00eds compra e vende ao exterior acentuou-se, com as exporta\u00e7\u00f5es a crescerem a um ritmo inferior ao das importa\u00e7\u00f5es. &#13;\n    <\/p>\n","protected":false},"excerpt":{"rendered":"&#13; A um m\u00eas de terminar 2025, o d\u00e9fice da balan\u00e7a comercial portuguesa de bens acumulou um agravamento&hellip;\n","protected":false},"author":2,"featured_media":225797,"comment_status":"","ping_status":"","sticky":false,"template":"","format":"standard","meta":{"footnotes":""},"categories":[83],"tags":[88,92,89,90,640,235,1962,16648,32,33,636],"class_list":{"0":"post-225796","1":"post","2":"type-post","3":"status-publish","4":"format-standard","5":"has-post-thumbnail","7":"category-empresas","8":"tag-business","9":"tag-donald-trump","10":"tag-economy","11":"tag-empresas","12":"tag-espanha","13":"tag-estados-unidos","14":"tag-instituto-nacional-de-estatistica","15":"tag-milhoes","16":"tag-portugal","17":"tag-pt","18":"tag-uniao-europeia"},"share_on_mastodon":{"url":"https:\/\/pubeurope.com\/@pt\/115881384593555444","error":""},"_links":{"self":[{"href":"https:\/\/www.europesays.com\/pt\/wp-json\/wp\/v2\/posts\/225796","targetHints":{"allow":["GET"]}}],"collection":[{"href":"https:\/\/www.europesays.com\/pt\/wp-json\/wp\/v2\/posts"}],"about":[{"href":"https:\/\/www.europesays.com\/pt\/wp-json\/wp\/v2\/types\/post"}],"author":[{"embeddable":true,"href":"https:\/\/www.europesays.com\/pt\/wp-json\/wp\/v2\/users\/2"}],"replies":[{"embeddable":true,"href":"https:\/\/www.europesays.com\/pt\/wp-json\/wp\/v2\/comments?post=225796"}],"version-history":[{"count":0,"href":"https:\/\/www.europesays.com\/pt\/wp-json\/wp\/v2\/posts\/225796\/revisions"}],"wp:featuredmedia":[{"embeddable":true,"href":"https:\/\/www.europesays.com\/pt\/wp-json\/wp\/v2\/media\/225797"}],"wp:attachment":[{"href":"https:\/\/www.europesays.com\/pt\/wp-json\/wp\/v2\/media?parent=225796"}],"wp:term":[{"taxonomy":"category","embeddable":true,"href":"https:\/\/www.europesays.com\/pt\/wp-json\/wp\/v2\/categories?post=225796"},{"taxonomy":"post_tag","embeddable":true,"href":"https:\/\/www.europesays.com\/pt\/wp-json\/wp\/v2\/tags?post=225796"}],"curies":[{"name":"wp","href":"https:\/\/api.w.org\/{rel}","templated":true}]}}