{"id":225801,"date":"2026-01-12T09:22:33","date_gmt":"2026-01-12T09:22:33","guid":{"rendered":"https:\/\/www.europesays.com\/pt\/225801\/"},"modified":"2026-01-12T09:22:33","modified_gmt":"2026-01-12T09:22:33","slug":"se-dissesse-que-sou-hetero-ja-teria-feito-uma-novela-diz-ator-de-cravinhos-de-tremembe","status":"publish","type":"post","link":"https:\/\/www.europesays.com\/pt\/225801\/","title":{"rendered":"Se dissesse que sou h\u00e9tero, j\u00e1 teria feito uma novela&#8221;, diz ator de Cravinhos, de &#8220;Trememb\u00e9"},"content":{"rendered":"<p>\t\t<a href=\"http:\/\/www.facebook.com\/sharer\/sharer.php?u=https:\/\/www.diariodocentrodomundo.com.br\/essencial\/se-dissesse-que-sou-hetero-ja-teria-feito-uma-novela-diz-ator-de-cravinhos-de-tremembe\/\" target=\"_blank\" class=\"facebook-share\" rel=\"nofollow noopener\"><\/a><br \/>\n\t\t<a href=\"https:\/\/twitter.com\/share?url=https:\/\/www.diariodocentrodomundo.com.br\/essencial\/se-dissesse-que-sou-hetero-ja-teria-feito-uma-novela-diz-ator-de-cravinhos-de-tremembe\/\" target=\"_blank\" class=\"twitter-share\" rel=\"nofollow noopener\"><\/a><br \/>\n\t\t<a href=\"#\" class=\"whatsapp-share\" data-url=\"https:\/\/www.diariodocentrodomundo.com.br\/essencial\/se-dissesse-que-sou-hetero-ja-teria-feito-uma-novela-diz-ator-de-cravinhos-de-tremembe\/\" data-title=\"\u201cSe dissesse que sou h\u00e9tero, j\u00e1 teria feito uma novela\u201d, diz ator de Cravinhos, de \u201cTrememb\u00e9\u201d\"><\/a><br \/>\n\t<a href=\"https:\/\/www.linkedin.com\/sharing\/share-offsite\/?url=https:\/\/www.diariodocentrodomundo.com.br\/essencial\/se-dissesse-que-sou-hetero-ja-teria-feito-uma-novela-diz-ator-de-cravinhos-de-tremembe\/\" target=\"_blank\" class=\"linkedin-share\" rel=\"nofollow noopener\"><\/a><br \/>\n   <a href=\"https:\/\/www.threads.net\/intent\/post?text=%E2%80%9CSe+dissesse+que+sou+h%C3%A9tero%2C+j%C3%A1+teria+feito+uma+novela%E2%80%9D%2C+diz+ator+de+Cravinhos%2C+de+%E2%80%9CTrememb%C3%A9%E2%80%9D&amp;url=https%3A%2F%2Fwww.diariodocentrodomundo.com.br%2Fessencial%2Fse-dissesse-que-sou-hetero-ja-teria-feito-uma-novela-diz-ator-de-cravinhos-de-tremembe%2F\" target=\"_blank\" class=\"threads-share\" rel=\"nofollow noopener\"><img decoding=\"async\" class=\"threads-icon perfmatters-lazy\" src=\"https:\/\/www.diariodocentrodomundo.com.br\/wp-content\/themes\/Newsmag\/images\/icons\/threads.svg\"\/><\/a> <\/p>\n<p>            <img fetchpriority=\"high\" decoding=\"async\" class=\"size-full wp-image-1533034\" src=\"https:\/\/www.europesays.com\/pt\/wp-content\/uploads\/2026\/01\/176800042269618ba61b16e_1768000422_3x2_xl-1.jpg\" alt=\"\" width=\"1200\" height=\"800\"  \/>Retrato do ator Kelner Mac\u00eado, que interpretou Cristian Cravinhos na S\u00e9rie Trememb\u00e9<\/p>\n<p data-start=\"518\" data-end=\"1059\">Kelner Mac\u00eado, ator paraibano conhecido por seus pap\u00e9is em \u201cCorpo El\u00e9trico\u201d e \u201cTrememb\u00e9\u201d, fez uma reflex\u00e3o sobre sua carreira e as escolhas que fez em sua vida profissional e pessoal. Em entrevista, ele afirmou: \u201cSe eu dissesse que sou h\u00e9tero, j\u00e1 teria protagonizado novela\u201d. Com 31 anos e um come\u00e7o de vida dif\u00edcil em Rio Tinto, ele compartilhou a import\u00e2ncia de ser fiel \u00e0 sua identidade. Mac\u00eado, que \u00e9 gay, destaca a import\u00e2ncia de n\u00e3o esconder sua sexualidade para alcan\u00e7ar o sucesso. \u201cNegar isso era negar a minha exist\u00eancia\u201d, declarou. Com informa\u00e7\u00f5es da Folha.<\/p>\n<p data-start=\"1061\" data-end=\"1459\">O ator, que come\u00e7ou sua trajet\u00f3ria no teatro, rejeita a ideia de um \u201csucesso fake\u201d, optando por viver de bons pap\u00e9is e personagens mais profundos. Ele contou que, se tivesse seguido o caminho de esconder sua sexualidade, teria seguido um caminho mais f\u00e1cil para conquistar pap\u00e9is de gal\u00e3. No entanto, ele \u00e9 firme em afirmar: \u201cPrefiro ser livre a ter uma carreira constru\u00edda em cima de uma mentira\u201d.<\/p>\n<p data-start=\"1461\" data-end=\"1825\">Com uma carreira marcada por desafios e rejei\u00e7\u00f5es, Kelner Mac\u00eado agora busca pap\u00e9is mais complexos, longe do esteri\u00f3tipo, e sonha em protagonizar uma novela sem esconder sua verdadeira identidade. \u201cQuero um mundo mais poss\u00edvel para quem vem depois de mim\u201d, disse o ator, mostrando-se um exemplo de perseveran\u00e7a para aqueles que enfrentam obst\u00e1culos em sua jornada.<\/p>\n<p>        <script async src=\"https:\/\/platform.twitter.com\/widgets.js\" charset=\"utf-8\"><\/script><\/p>\n","protected":false},"excerpt":{"rendered":"Retrato do ator Kelner Mac\u00eado, que interpretou Cristian Cravinhos na S\u00e9rie Trememb\u00e9 Kelner Mac\u00eado, ator paraibano conhecido por&hellip;\n","protected":false},"author":2,"featured_media":225802,"comment_status":"","ping_status":"","sticky":false,"template":"","format":"standard","meta":{"footnotes":""},"categories":[145],"tags":[211,210,114,115,32,33],"class_list":{"0":"post-225801","1":"post","2":"type-post","3":"status-publish","4":"format-standard","5":"has-post-thumbnail","7":"category-celebridades","8":"tag-celebridades","9":"tag-celebrities","10":"tag-entertainment","11":"tag-entretenimento","12":"tag-portugal","13":"tag-pt"},"share_on_mastodon":{"url":"https:\/\/pubeurope.com\/@pt\/115881400260977112","error":""},"_links":{"self":[{"href":"https:\/\/www.europesays.com\/pt\/wp-json\/wp\/v2\/posts\/225801","targetHints":{"allow":["GET"]}}],"collection":[{"href":"https:\/\/www.europesays.com\/pt\/wp-json\/wp\/v2\/posts"}],"about":[{"href":"https:\/\/www.europesays.com\/pt\/wp-json\/wp\/v2\/types\/post"}],"author":[{"embeddable":true,"href":"https:\/\/www.europesays.com\/pt\/wp-json\/wp\/v2\/users\/2"}],"replies":[{"embeddable":true,"href":"https:\/\/www.europesays.com\/pt\/wp-json\/wp\/v2\/comments?post=225801"}],"version-history":[{"count":0,"href":"https:\/\/www.europesays.com\/pt\/wp-json\/wp\/v2\/posts\/225801\/revisions"}],"wp:featuredmedia":[{"embeddable":true,"href":"https:\/\/www.europesays.com\/pt\/wp-json\/wp\/v2\/media\/225802"}],"wp:attachment":[{"href":"https:\/\/www.europesays.com\/pt\/wp-json\/wp\/v2\/media?parent=225801"}],"wp:term":[{"taxonomy":"category","embeddable":true,"href":"https:\/\/www.europesays.com\/pt\/wp-json\/wp\/v2\/categories?post=225801"},{"taxonomy":"post_tag","embeddable":true,"href":"https:\/\/www.europesays.com\/pt\/wp-json\/wp\/v2\/tags?post=225801"}],"curies":[{"name":"wp","href":"https:\/\/api.w.org\/{rel}","templated":true}]}}