{"id":225811,"date":"2026-01-12T09:33:10","date_gmt":"2026-01-12T09:33:10","guid":{"rendered":"https:\/\/www.europesays.com\/pt\/225811\/"},"modified":"2026-01-12T09:33:10","modified_gmt":"2026-01-12T09:33:10","slug":"trump-analisa-terca-feira-as-opcoes-militares-para-atacar-o-irao-protestos-continuam-e-ja-causaram-538-mortos","status":"publish","type":"post","link":"https:\/\/www.europesays.com\/pt\/225811\/","title":{"rendered":"Trump analisa ter\u00e7a-feira as op\u00e7\u00f5es militares para atacar o Ir\u00e3o. Protestos continuam e j\u00e1 causaram 538 mortos"},"content":{"rendered":"<p>Donald Trump vai reunir-se ter\u00e7a-feira com altos funcion\u00e1rios do governo dos Estados Unidos para avaliar as op\u00e7\u00f5es militares de resposta \u00e0 situa\u00e7\u00e3o no Ir\u00e3o, onde se sucedem as manifesta\u00e7\u00f5es contra o regime do ayatollah Ali Khamenei que, de acordo com Ag\u00eancia para os Direitos Humanos (HRANA), j\u00e1 causaram a morte a 538 pessoas, al\u00e9m de mais de 10 mil detidos.<\/p>\n<p>Segundo o Wall Street Journal, que cita autoridades americanas, o presidente dos EUA ser\u00e1 informado na reuni\u00e3o de ter\u00e7a-feira sobre as op\u00e7\u00f5es em cima da mesa e dali pode sair uma resolu\u00e7\u00e3o que pode passar por um ataque ao Ir\u00e3o, conforme <a aria-label=\"content\" target=\"_blank\" href=\"https:\/\/www.dn.pt\/internacional\/trump-diz-que-o-iro-est-de-olho-na-liberdade-e-anuncia-que-os-eua-esto-prontos-para-ajudar\" rel=\"nofollow noopener\">j\u00e1 foi prometido por Trump<\/a>.<\/p>\n<p>Al\u00e9m do ataque militar, diz o mesmo jornal norte-americano, est\u00e3o em cima da mesa a possibilidade de implementar armas cibern\u00e9ticas contra os militares iranianos, bem como potenciar os protestos contra o governo do Ir\u00e3o.<\/p>\n<p>Apesar de o acesso \u00e0 internet permanecer bloqueado, continuam a surgir nas redes sociais os tumultos que continuam a acontecer um pouco por todo o Ir\u00e3o.<\/p>\n<p>Um v\u00eddeos partilhado pelo jornalista da BBC, Shayan Sardarizadeh, mostra confrontos na cidade de Mashhad, surgindo um pr\u00e9dio em chamas, com os manifestantes a protegerem-se atr\u00e1s de barricadas numa rua. Aparecem ainda vultos, que supostamente s\u00e3o de membros das for\u00e7as de seguran\u00e7a iranianas, a abrir fogo.<\/p>\n<p>A press\u00e3o norte-americana sobre o Ir\u00e3o subiu de tom na sexta-feira quando Trump disse que aquele pa\u00eds se encontra &#8220;em grandes apuros&#8221; devido ao aumento dos dist\u00farbios, deixando a certeza que est\u00e1 atento aos acontecimentos, ao mesmo tempo que avisava autoridades locais a n\u00e3o usarem o uso da for\u00e7a letal contra os manifestantes.<\/p>\n<p>Em resposta, o Ir\u00e3o acusou EUA e Israel de serem os instigadores das manifesta\u00e7\u00f5es, tendo ainda avisado que quem fosse apanhado nos protestos iria enfrentar as for\u00e7as de seguran\u00e7a e o poder judici\u00e1rio que, dizia o governo de Teer\u00e3o, &#8220;n\u00e3o demonstrar\u00e3o qualquer toler\u00e2ncia&#8221;.<\/p>\n<p>Depois disso, j\u00e1 este s\u00e1bado,\u00a0<a aria-label=\"content\" target=\"_blank\" href=\"https:\/\/www.dn.pt\/internacional\/procurador-do-iro-avisa-que-protestos-passam-a-ser-punveis-com-pena-de-morte\" rel=\"nofollow noopener\">o procurador-geral iraniano Mohammad Movahedi Azad anunciou que qualquer pessoa que participe em protestos ser\u00e1 considerada \u201cinimiga de Deus\u201d<\/a>, uma acusa\u00e7\u00e3o pun\u00edvel com pena de morte.<\/p>\n<p>A declara\u00e7\u00e3o do procurador-geral foi feita atrav\u00e9s da televis\u00e3o estatal do Ir\u00e3o, sendo assim encarada como o concretizar da amea\u00e7a de sexta-feira, o l\u00edder supremo,\u00a0ayatollah\u00a0Ali Khamenei, de que o pa\u00eds \u201cia iniciar\u201d uma repress\u00e3o.<\/p>\n<p><strong>Ir\u00e3o declara tr\u00eas dias de luto nacional em homenagem aos m\u00e1rtires<\/strong><\/p>\n<p>O governo do Ir\u00e3o decretou entretanto tr\u00eas dias de luto nacional em homenagem aos mortos na &#8220;batalha de resist\u00eancia nacional&#8221; contra os protestos um pouco por todo o pa\u00eds, revelou a ag\u00eancia de not\u00edcias Tasnim.<\/p>\n<p>Um an\u00fancio na televis\u00e3o estatal do Ir\u00e3o diz que o presidente Masoud Pezeshkian est\u00e1 &#8220;profundamente comovido&#8221; com a perda de vidas e, nesse sentido, convidou os iranianos a juntarem-se \u00e0 denominada Marcha da Resist\u00eancia Nacional, marcada para esta segunda-feira.<\/p>\n","protected":false},"excerpt":{"rendered":"Donald Trump vai reunir-se ter\u00e7a-feira com altos funcion\u00e1rios do governo dos Estados Unidos para avaliar as op\u00e7\u00f5es militares&hellip;\n","protected":false},"author":2,"featured_media":225812,"comment_status":"","ping_status":"","sticky":false,"template":"","format":"standard","meta":{"footnotes":""},"categories":[50],"tags":[27,28,92,235,15,16,14,5453,25,26,21,22,24163,62,12,13,19,20,23,24,4256,17,18,29,30,31,63,64,65],"class_list":{"0":"post-225811","1":"post","2":"type-post","3":"status-publish","4":"format-standard","5":"has-post-thumbnail","7":"category-mundo","8":"tag-breaking-news","9":"tag-breakingnews","10":"tag-donald-trump","11":"tag-estados-unidos","12":"tag-featured-news","13":"tag-featurednews","14":"tag-headlines","15":"tag-irao","16":"tag-latest-news","17":"tag-latestnews","18":"tag-main-news","19":"tag-mainnews","20":"tag-manifestacoes","21":"tag-mundo","22":"tag-news","23":"tag-noticias","24":"tag-noticias-principais","25":"tag-noticiasprincipais","26":"tag-principais-noticias","27":"tag-principaisnoticias","28":"tag-protestos","29":"tag-top-stories","30":"tag-topstories","31":"tag-ultimas","32":"tag-ultimas-noticias","33":"tag-ultimasnoticias","34":"tag-world","35":"tag-world-news","36":"tag-worldnews"},"share_on_mastodon":{"url":"","error":"Validation failed: Text character limit of 500 exceeded"},"_links":{"self":[{"href":"https:\/\/www.europesays.com\/pt\/wp-json\/wp\/v2\/posts\/225811","targetHints":{"allow":["GET"]}}],"collection":[{"href":"https:\/\/www.europesays.com\/pt\/wp-json\/wp\/v2\/posts"}],"about":[{"href":"https:\/\/www.europesays.com\/pt\/wp-json\/wp\/v2\/types\/post"}],"author":[{"embeddable":true,"href":"https:\/\/www.europesays.com\/pt\/wp-json\/wp\/v2\/users\/2"}],"replies":[{"embeddable":true,"href":"https:\/\/www.europesays.com\/pt\/wp-json\/wp\/v2\/comments?post=225811"}],"version-history":[{"count":0,"href":"https:\/\/www.europesays.com\/pt\/wp-json\/wp\/v2\/posts\/225811\/revisions"}],"wp:featuredmedia":[{"embeddable":true,"href":"https:\/\/www.europesays.com\/pt\/wp-json\/wp\/v2\/media\/225812"}],"wp:attachment":[{"href":"https:\/\/www.europesays.com\/pt\/wp-json\/wp\/v2\/media?parent=225811"}],"wp:term":[{"taxonomy":"category","embeddable":true,"href":"https:\/\/www.europesays.com\/pt\/wp-json\/wp\/v2\/categories?post=225811"},{"taxonomy":"post_tag","embeddable":true,"href":"https:\/\/www.europesays.com\/pt\/wp-json\/wp\/v2\/tags?post=225811"}],"curies":[{"name":"wp","href":"https:\/\/api.w.org\/{rel}","templated":true}]}}