{"id":225815,"date":"2026-01-12T09:35:15","date_gmt":"2026-01-12T09:35:15","guid":{"rendered":"https:\/\/www.europesays.com\/pt\/225815\/"},"modified":"2026-01-12T09:35:15","modified_gmt":"2026-01-12T09:35:15","slug":"tribunal-da-razao-ao-banco-de-portugal-contra-grandes-fundos-do-bes-banca-financas","status":"publish","type":"post","link":"https:\/\/www.europesays.com\/pt\/225815\/","title":{"rendered":"Tribunal d\u00e1 raz\u00e3o ao Banco de Portugal contra grandes fundos do BES &#8211; Banca &#038; Finan\u00e7as"},"content":{"rendered":"<p class=\"\">&#13;<br \/>\n        Dez anos depois de uma decis\u00e3o do Banco de Portugal ter aberto uma &#8220;guerra&#8221; com os grandes fundos de investimento &#8211; incluindo a Blackrock e a Pimco &#8211; que gerou at\u00e9 a uma esp\u00e9cie de boicote \u00e0 compra de d\u00edvida de institui\u00e7\u00f5es portuguesas por parte de grandes investidores, o <b>Tribunal Administrativo de C\u00edrculo de Lisboa deu raz\u00e3o ao supervisor em toda a linha.<\/b> Quase todos os factos impugnados pelos obrigacionistas foram arrasados pelos ju\u00edzes que assinam o ac\u00f3rd\u00e3o.&#13;\n    <\/p>\n","protected":false},"excerpt":{"rendered":"&#13; Dez anos depois de uma decis\u00e3o do Banco de Portugal ter aberto uma &#8220;guerra&#8221; com os grandes&hellip;\n","protected":false},"author":2,"featured_media":225816,"comment_status":"","ping_status":"","sticky":false,"template":"","format":"standard","meta":{"footnotes":""},"categories":[8],"tags":[474,42448,27,28,362,15,16,40930,14,10183,25,26,21,22,16648,12,13,19,20,5271,32,23,24,33,17,18,29,30,31],"class_list":{"0":"post-225815","1":"post","2":"type-post","3":"status-publish","4":"format-standard","5":"has-post-thumbnail","7":"category-principais-noticias","8":"tag-banco-de-portugal","9":"tag-banco-espirito-santo","10":"tag-breaking-news","11":"tag-breakingnews","12":"tag-casas","13":"tag-featured-news","14":"tag-featurednews","15":"tag-fundos-de-investimento","16":"tag-headlines","17":"tag-investimentos","18":"tag-latest-news","19":"tag-latestnews","20":"tag-main-news","21":"tag-mainnews","22":"tag-milhoes","23":"tag-news","24":"tag-noticias","25":"tag-noticias-principais","26":"tag-noticiasprincipais","27":"tag-novobanco","28":"tag-portugal","29":"tag-principais-noticias","30":"tag-principaisnoticias","31":"tag-pt","32":"tag-top-stories","33":"tag-topstories","34":"tag-ultimas","35":"tag-ultimas-noticias","36":"tag-ultimasnoticias"},"share_on_mastodon":{"url":"https:\/\/pubeurope.com\/@pt\/115881451404115052","error":""},"_links":{"self":[{"href":"https:\/\/www.europesays.com\/pt\/wp-json\/wp\/v2\/posts\/225815","targetHints":{"allow":["GET"]}}],"collection":[{"href":"https:\/\/www.europesays.com\/pt\/wp-json\/wp\/v2\/posts"}],"about":[{"href":"https:\/\/www.europesays.com\/pt\/wp-json\/wp\/v2\/types\/post"}],"author":[{"embeddable":true,"href":"https:\/\/www.europesays.com\/pt\/wp-json\/wp\/v2\/users\/2"}],"replies":[{"embeddable":true,"href":"https:\/\/www.europesays.com\/pt\/wp-json\/wp\/v2\/comments?post=225815"}],"version-history":[{"count":0,"href":"https:\/\/www.europesays.com\/pt\/wp-json\/wp\/v2\/posts\/225815\/revisions"}],"wp:featuredmedia":[{"embeddable":true,"href":"https:\/\/www.europesays.com\/pt\/wp-json\/wp\/v2\/media\/225816"}],"wp:attachment":[{"href":"https:\/\/www.europesays.com\/pt\/wp-json\/wp\/v2\/media?parent=225815"}],"wp:term":[{"taxonomy":"category","embeddable":true,"href":"https:\/\/www.europesays.com\/pt\/wp-json\/wp\/v2\/categories?post=225815"},{"taxonomy":"post_tag","embeddable":true,"href":"https:\/\/www.europesays.com\/pt\/wp-json\/wp\/v2\/tags?post=225815"}],"curies":[{"name":"wp","href":"https:\/\/api.w.org\/{rel}","templated":true}]}}