{"id":225817,"date":"2026-01-12T09:36:29","date_gmt":"2026-01-12T09:36:29","guid":{"rendered":"https:\/\/www.europesays.com\/pt\/225817\/"},"modified":"2026-01-12T09:36:29","modified_gmt":"2026-01-12T09:36:29","slug":"gosta-de-fotos-no-quenia-cristina-ferreira-e-joao-monteiro-surgem-com-pessoa-especial-selfie","status":"publish","type":"post","link":"https:\/\/www.europesays.com\/pt\/225817\/","title":{"rendered":"&quot;Gosta de fotos&quot;: no Qu\u00e9nia, Cristina Ferreira e Jo\u00e3o Monteiro surgem&#8230; com pessoa especial! &#8211; SELFIE"},"content":{"rendered":"<ol>\n<li><a href=\"https:\/\/news.google.com\/rss\/articles\/CBMi-wFBVV95cUxOQ2ZBdzFEbVl5ZlFRNERXd3RaYXhpT3R2VTFBWTBfQVhxQXJEMzduc1BZUmpaUExiWG0ta0x2TkhCOW5JWUlmQnRxUVFmdUN6aFhxRmI0QjNUaVFTQmVibnJMSm1lbkhLbGlJV2dIMU1nZktkdXdrMGdnTTlqcS1MRlgxdUhxSmpSU2xjMERlRHVzak53azc1b2s1WmRUSDJYbWhlWjRrMW1pWVJ3UjU5YUo2eU0wRGo0eUZ3aWg1ZVZYZndpMmJUdC1sTnliRVJDeUxXOWlNcm9sRE9YcDA2X1FEXzFuUkw4RGxJX0prdTEtcVhBeVk4QUxMRQ?oc=5\" target=\"_blank\" rel=\"nofollow noopener\">&#8220;Gosta de fotos&#8221;: no Qu\u00e9nia, Cristina Ferreira e Jo\u00e3o Monteiro surgem&#8230; com pessoa especial!<\/a>&nbsp;&nbsp;SELFIE<\/li>\n<li><a href=\"https:\/\/news.google.com\/rss\/articles\/CBMi2gFBVV95cUxOTDN6MkgwaExkeHVxTDNJM1djN1lLMHh1TE93YjAtV3ZVTHNtVjhhQWh0NlVKMmJOdUpNWmJrb1NRYmFJbTNSaVhTelJ2enlBTnBNc1RYRFM2TUUyUHhfQjdvWjNITjgxNk5IWDRYdzVWcE04N29KeFpNRF9jTnI0R3hKaHlKbFJnVnhJcmYzcDZ3MHZGNDFuZkg2OTFUamk4cjRXbG9TSGg1MVpaSnVuUVlEVFNJX3pVdHp0Ml9ySW8wWHBiQmhIam1GTVFxYkhDYU9MM2RCU2x0dw?oc=5\" target=\"_blank\" rel=\"nofollow noopener\">Susto? Cristina Ferreira conta sobre as f\u00e9rias: &#8220;Tive os le\u00f5es literalmente a dois metros de mim&#8221;<\/a>&nbsp;&nbsp;Fama Show<\/li>\n<li><a href=\"https:\/\/news.google.com\/rss\/articles\/CBMihAFBVV95cUxQWGpDdktSTTdHaEs5SEJ4bHItd0lQV3Q3NkhIVTdNWEpCMS02N0lvZWRWa1IzLWlTNXFZUVZjQVhSOU5zWnFrdWo2N2Q2OG90bU83azBEaVBwQkNkNnpjZ0czZUpBRzc4R0VsQllFLTk4dERYM2JXeVZ3YlN4VHZOdGszcVA?oc=5\" target=\"_blank\" rel=\"nofollow noopener\">\u201c\u00c1frica tem sempre um impacto gigante em quem chega\u201d<\/a>&nbsp;&nbsp;On fm<\/li>\n<li><a href=\"https:\/\/news.google.com\/rss\/articles\/CBMi0wFBVV95cUxOMDhMNHR5ckFsLU1hMElzcll0ajZYMEViT0ZvRDJLSFZ0SVcyUEVSVVJmRzdXMTFuNDAxRHBqcmZxeG5WdzFvVFdSRFZFd19qMFo2RjVhZHJ3SVVIOWh0dVdCWXNJVFMycHVGTlYxNzVXNkxuSGhUdTAtRHk4SHFzVFFWckp6U1JZbXowX2Q0aVVGWDhOWDg3RTk0RzE3VjRvcGF4T2hQVWFEaG1nUmFjeW9JUi16d2Vfd0pLTnRCY0NDRUxER2p6Vms0OWY1SElYMXpR?oc=5\" target=\"_blank\" rel=\"nofollow noopener\">\u201cTenda junto a um rio\u201d, le\u00f5es e hipop\u00f3tamos: as f\u00e9rias selvagens de Cristina Ferreira em \u00c1frica<\/a>&nbsp;&nbsp;A Televis\u00e3o<\/li>\n<li><a href=\"https:\/\/news.google.com\/rss\/articles\/CBMitAFBVV95cUxPM1hfeHFKdF9LeEdMb25LVXlQb3RjM0JwN0xHVm5uUXZvcW5kVzRuNU5fM1dLTGc3Nm1ONF84eG1XTk5OejB1LV9PZ0Nfd0ZQZzFiWHE4VFBFOUlkLXRobGtYeTFqRVB2OGo1ZEJUdE5NdzZST1lNOGVFYk0xTDFuWDVpYmFWMWJtSDEySkZjc2lSWTIyZUE5Um15eF8zVVBRNVpBN3lsSWxiSFJJYVVWUnk5T2o?oc=5\" target=\"_blank\" rel=\"nofollow noopener\">Cristina e as primeiras imagens de viagem a \u00c1frica com Jo\u00e3o Monteiro<\/a>&nbsp;&nbsp;Not\u00edcias ao Minuto<\/li>\n<\/ol>\n","protected":false},"excerpt":{"rendered":"&#8220;Gosta de fotos&#8221;: no Qu\u00e9nia, Cristina Ferreira e Jo\u00e3o Monteiro surgem&#8230; com pessoa especial!&nbsp;&nbsp;SELFIE Susto? Cristina Ferreira conta&hellip;\n","protected":false},"author":2,"featured_media":225042,"comment_status":"","ping_status":"","sticky":false,"template":"","format":"standard","meta":{"footnotes":""},"categories":[145],"tags":[211,210,114,115,32,33],"class_list":{"0":"post-225817","1":"post","2":"type-post","3":"status-publish","4":"format-standard","5":"has-post-thumbnail","7":"category-celebridades","8":"tag-celebridades","9":"tag-celebrities","10":"tag-entertainment","11":"tag-entretenimento","12":"tag-portugal","13":"tag-pt"},"share_on_mastodon":{"url":"https:\/\/pubeurope.com\/@pt\/115881455262725695","error":""},"_links":{"self":[{"href":"https:\/\/www.europesays.com\/pt\/wp-json\/wp\/v2\/posts\/225817","targetHints":{"allow":["GET"]}}],"collection":[{"href":"https:\/\/www.europesays.com\/pt\/wp-json\/wp\/v2\/posts"}],"about":[{"href":"https:\/\/www.europesays.com\/pt\/wp-json\/wp\/v2\/types\/post"}],"author":[{"embeddable":true,"href":"https:\/\/www.europesays.com\/pt\/wp-json\/wp\/v2\/users\/2"}],"replies":[{"embeddable":true,"href":"https:\/\/www.europesays.com\/pt\/wp-json\/wp\/v2\/comments?post=225817"}],"version-history":[{"count":0,"href":"https:\/\/www.europesays.com\/pt\/wp-json\/wp\/v2\/posts\/225817\/revisions"}],"wp:featuredmedia":[{"embeddable":true,"href":"https:\/\/www.europesays.com\/pt\/wp-json\/wp\/v2\/media\/225042"}],"wp:attachment":[{"href":"https:\/\/www.europesays.com\/pt\/wp-json\/wp\/v2\/media?parent=225817"}],"wp:term":[{"taxonomy":"category","embeddable":true,"href":"https:\/\/www.europesays.com\/pt\/wp-json\/wp\/v2\/categories?post=225817"},{"taxonomy":"post_tag","embeddable":true,"href":"https:\/\/www.europesays.com\/pt\/wp-json\/wp\/v2\/tags?post=225817"}],"curies":[{"name":"wp","href":"https:\/\/api.w.org\/{rel}","templated":true}]}}