{"id":225824,"date":"2026-01-12T09:48:13","date_gmt":"2026-01-12T09:48:13","guid":{"rendered":"https:\/\/www.europesays.com\/pt\/225824\/"},"modified":"2026-01-12T09:48:13","modified_gmt":"2026-01-12T09:48:13","slug":"este-e-o-plano-do-exercito-para-preparar-portugal-para-a-guerra-de-alta-intensidade","status":"publish","type":"post","link":"https:\/\/www.europesays.com\/pt\/225824\/","title":{"rendered":"Este \u00e9 o plano do ex\u00e9rcito para preparar Portugal &#8220;para a guerra de alta intensidade&#8221;"},"content":{"rendered":"<p>\t                Esque\u00e7a os capacetes azuis e as miss\u00f5es de estabiliza\u00e7\u00e3o. O mundo mudou e o Ex\u00e9rcito Portugu\u00eas est\u00e1 a preparar uma revolu\u00e7\u00e3o interna para acompanhar a nova realidade geopol\u00edtica<\/p>\n<p>O mundo mudou e o ex\u00e9rcito portugu\u00eas quer mudar com ele. Com uma R\u00fassia cada vez mais ousada, a desenvolver a\u00e7\u00f5es ofensivas h\u00edbridas no interior do territ\u00f3rio europeu e um aliado americano cada vez menos disposto a defender o continente &#8211; com as recentes amea\u00e7as \u00e0 Gronel\u00e2ndia parece at\u00e9 mais disposto a atac\u00e1-lo -, os pa\u00edses europeus da NATO est\u00e3o a preparar-se para uma revolu\u00e7\u00e3o. S\u00e3o precisas mais unidades, novos equipamentos e reservas de guerra n\u00e3o para miss\u00f5es de paz, mas sim para preparar o continente para algo que seria impens\u00e1vel h\u00e1 poucos anos: um conflito de alta intensidade em solo europeu.<\/p>\n<p>A cimeira da NATO em Haia, em junho, obrigou Portugal a ir mais al\u00e9m e o ex\u00e9rcito portugu\u00eas criou o plano &#8220;For\u00e7a Terrestre 2045&#8221;, uma restrutura\u00e7\u00e3o radical que promete a cria\u00e7\u00e3o de duas brigadas prontas para o combate, fecha o espa\u00e7o a\u00e9reo nacional, aposta nas for\u00e7as especiais e na Intelig\u00eancia Artificial.<\/p>\n<p>Brigadas prontas para o combate <\/p>\n<p>A prioridade para o ex\u00e9rcito portugu\u00eas \u00e9 a cria\u00e7\u00e3o de um &#8220;punho de ferro&#8221;, a Brigada M\u00e9dia, uma unidade que junta as capacidades das antigas brigadas de Interven\u00e7\u00e3o e Mecanizada. Esta for\u00e7a, que o ex\u00e9rcito quer ter pronta at\u00e9 2032, vai ser desenhada para o choque do combate moderno, servindo como espinha dorsal da for\u00e7a nacional. Para isso, estes militares v\u00e3o ser equipados com os meios mais pesados ao dispor do ex\u00e9rcito.<\/p>\n<p>Esta unidade vai ser equipada com modernos ve\u00edculos blindados de infantaria que o ex\u00e9rcito se prepara para comprar: o Boxer RCT 30, da empresa alem\u00e3 Artec. Estas viaturas, que v\u00e3o passar a ser fabricadas em Portugal, v\u00e3o representar um salto tecnol\u00f3gico para o nosso pa\u00eds, que atualmente opera os Pandur II.\u00a0 A vers\u00e3o RCT30 vem equipada com um canh\u00e3o de 30mm de alta precis\u00e3o e muni\u00e7\u00f5es airburst, capazes de detonar acima de trincheiras inimigas, e sistemas \u00f3ticos Hunter-Killer, que permitem identificar um novo alvo enquanto se dispara contra o anterior.<\/p>\n<p> <img loading=\"lazy\" decoding=\"async\" alt=\"Um Boxer RCT30 operado pelo ex\u00e9rcito alem\u00e3o (Fabian Sommer\/picture alliance via Getty Images)\" height=\"563\" src=\"https:\/\/www.europesays.com\/pt\/wp-content\/uploads\/2026\/01\/1768211287_724_1000.jpg\" width=\"1000\"\/> <\/p>\n<p>   Um Boxer RCT30 operado pelo ex\u00e9rcito alem\u00e3o (Fabian Sommer\/picture alliance via Getty Images) <\/p>\n<p>S\u00f3 que para criar uma brigada moderna pronta para o combate, ter ve\u00edculos blindados capazes de proteger os militares n\u00e3o chega e a guerra na Ucr\u00e2nia provou-o. A artilharia continua a ser &#8220;a rainha&#8221; do campo de batalha e o ex\u00e9rcito vai adquirir 36 pe\u00e7as de artilharia Caesar, da francesa KNDS. Estes sistemas m\u00f3veis s\u00e3o vitais para um campo de batalha onde \u00e9 cada vez mais dif\u00edcil n\u00e3o ser detetado por drones inimigos. Os obuses franceses permitem disparar e fugir em poucos minutos, atirando muni\u00e7\u00f5es de alta precis\u00e3o a dezenas de quil\u00f3metros de dist\u00e2ncia.<\/p>\n<p>Enquanto a Brigada M\u00e9dia est\u00e1 a ser criada a pensar no embate, o ex\u00e9rcito vai criar uma nova Brigada Ligeira focada na velocidade. Com o prazo de cria\u00e7\u00e3o at\u00e9 2036, esta unidade herda a gen\u00e9tica dos Paraquedistas e Comandos. O seu prop\u00f3sito \u00e9 a proje\u00e7\u00e3o estrat\u00e9gica, chegando primeiro a terrenos dif\u00edceis onde os blindados pesados n\u00e3o entram, valendo-se da frota modernizada de viaturas Pandur e de uma elevada mobilidade t\u00e1tica.<\/p>\n<p>Arquip\u00e9lagos e For\u00e7as Especiais\u00a0 <\/p>\n<p>A reestrutura\u00e7\u00e3o do ex\u00e9rcito portugu\u00eas prev\u00ea tamb\u00e9m uma nova aten\u00e7\u00e3o \u00e0 defesa territorial dos arquip\u00e9lagos portugueses. Nos A\u00e7ores e na Madeira, o antigo conceito de uma guarni\u00e7\u00e3o est\u00e1tica est\u00e1 prestes a ser abalado, com a cria\u00e7\u00e3o de uma postura defensiva mais ativa. Os alvos capacit\u00e1rios da NATO para Portugal preveem a cria\u00e7\u00e3o de batalh\u00f5es de infantaria ligeira de alta mobilidade, desenhados para negar acesso ao territ\u00f3rio.\u00a0<\/p>\n<p>Em simult\u00e2neo, para responder a um campo de batalha onde as fronteiras entre a paz e a guerra s\u00e3o cada vez mais difusas, o ex\u00e9rcito vai consolidar a edifica\u00e7\u00e3o de duas unidades de For\u00e7as de Opera\u00e7\u00f5es Especiais. O objetivo \u00e9 ter equipas de elite aut\u00f3nomas, capazes de operar atr\u00e1s das linhas inimigas ou em cen\u00e1rios de guerra h\u00edbrida, cumprindo uma das exig\u00eancias mais espec\u00edficas dos novos planos de defesa da NATO.<\/p>\n<p>Fechar os c\u00e9us <\/p>\n<p>Mas de pouco serve ter blindados modernos e infantaria m\u00f3vel caso estes estejam vulner\u00e1veis a ataques a\u00e9reos. E essa \u00e9 uma das maiores lacunas das defesas portuguesas. A guerra na Ucr\u00e2nia demonstrou que \u00e9 praticamente imposs\u00edvel conduzir o combate terrestre sem controlo do espa\u00e7o a\u00e9reo, que agora est\u00e1 constantemente exposto a ataques de drones, helic\u00f3pteros e m\u00edsseis de alta precis\u00e3o. Por esse motivo, o ex\u00e9rcito e Governo portugu\u00eas v\u00e3o investir fortemente em v\u00e1rias camadas de prote\u00e7\u00e3o antia\u00e9rea.\u00a0<\/p>\n<p>Para prote\u00e7\u00e3o imediata das novas brigadas que v\u00e3o operar no terreno, o ex\u00e9rcito escolheu os sistemas de defesa antia\u00e9rea de curto alcance Rapidranger, da Thales. Estes sistemas s\u00e3o montados no topo de ve\u00edculos e podem disparar os m\u00edsseis Starstreak, capazes de proteger os militares no terreno de amea\u00e7as de baixa altitude, como drones ou helic\u00f3pteros.<\/p>\n<p>Mas o salto estrat\u00e9gico d\u00e1-se com a aquisi\u00e7\u00e3o do sistema de m\u00e9dio alcance IRIS-T. Com um alcance de at\u00e9 40 quil\u00f3metros, este equipamento \u00e9 o verdadeiro game changer para a defesa nacional. A sua capacidade permite criar &#8220;bolhas&#8221; de prote\u00e7\u00e3o impenetr\u00e1veis sobre infraestruturas cr\u00edticas ou, crucialmente, sobre os arquip\u00e9lagos dos A\u00e7ores e da Madeira, garantindo que Portugal consegue defender o seu espa\u00e7o a\u00e9reo estrat\u00e9gico contra amea\u00e7as sofisticadas.<\/p>\n<p>Reservas de Guerra <\/p>\n<p>S\u00f3 que nenhuma destas capacidades ter\u00e1 muita utilidade numa guerra de alta intensidade sem a capacidade de manter o ritmo alucinante da utiliza\u00e7\u00e3o de equipamentos. Essa foi uma das mais duras li\u00e7\u00f5es da guerra na Ucr\u00e2nia, onde os ferozes confrontos no in\u00edcio da guerra levaram os pa\u00edses europeus a esgotar em poucos meses quase todas as suas reservas, uma vez que a l\u00f3gica de armazenamento &#8220;just-in-time&#8221; s\u00f3 funciona em tempo de paz.\u00a0<\/p>\n<p>Por isso, o novo planeamento estrat\u00e9gico europeu recupera o conceito de reservas de guerra, que parecia esquecido desde a Guerra Fria. Portugal vai deixar de gerir stocks m\u00ednimos para passar a armazenar muni\u00e7\u00f5es, sobressalentes e consum\u00edveis suficientes para sustentar opera\u00e7\u00f5es de combate prolongadas. O plano inclui ainda a cria\u00e7\u00e3o de um comando log\u00edstico projet\u00e1vel, capaz de acompanhar as brigadas para o exterior e garantir que, no calor da batalha, aos blindados, aos canh\u00f5es e aos soldados n\u00e3o falta o essencial para combater e vencer.<\/p>\n<p>Rob\u00f4s e algoritmos na linha da frente<\/p>\n<p>O plano For\u00e7a Terrestre 2045 assume que a letalidade futura depende da integra\u00e7\u00e3o de sistemas n\u00e3o tripulados e Intelig\u00eancia Artificial diretamente na manobra t\u00e1tica, transformando cada soldado num &#8220;sensor&#8221; de uma rede de combate digital.\u00a0<\/p>\n<p>O exemplo mais pragm\u00e1tico desta vis\u00e3o j\u00e1 est\u00e1 em curso e \u00e9 o projeto de convers\u00e3o dos antigos blindados M113 em drones. Em vez de serem abatidas, estas viaturas veteranas est\u00e3o a ser transformadas em plataformas rob\u00f3ticas n\u00e3o tripuladas. O objetivo t\u00e1tico \u00e9 claro: utilizar estes &#8220;drones de carga&#8221; para o transporte log\u00edstico na frente de combate ou para a extra\u00e7\u00e3o de feridos sob fogo, poupando vidas humanas em miss\u00f5es de risco suicida.<\/p>\n<p> <img decoding=\"async\" alt=\"\" src=\"https:\/\/www.europesays.com\/pt\/wp-content\/uploads\/2026\/01\/691f5cfbd34e3caad84b8174.webp\"\/> <\/p>\n<p>   Opera\u00e7\u00e3o de um ve\u00edculo M113 (CNN) <\/p>\n<p>Em simult\u00e2neo, o ex\u00e9rcito criou a Zona Livre Tecnol\u00f3gica Infante D. Henrique, que abrange \u00e1reas de testes reais em S\u00e3o Jacinto (ar e mar), Santa Margarida (opera\u00e7\u00f5es terrestres pesadas) e Beja, funcionando como um laborat\u00f3rio aberto onde militares, universidades e ind\u00fastria nacional testam novas solu\u00e7\u00f5es. A ideia \u00e9 deixar de ser apenas um cliente de tecnologia estrangeira para passar a desenvolver, em Portugal, os algoritmos e sistemas aut\u00f3nomos que definir\u00e3o a guerra do futuro.<\/p>\n","protected":false},"excerpt":{"rendered":"Esque\u00e7a os capacetes azuis e as miss\u00f5es de estabiliza\u00e7\u00e3o. O mundo mudou e o Ex\u00e9rcito Portugu\u00eas est\u00e1 a&hellip;\n","protected":false},"author":2,"featured_media":225825,"comment_status":"","ping_status":"","sticky":false,"template":"","format":"standard","meta":{"footnotes":""},"categories":[10],"tags":[609,611,43454,27,28,607,608,5726,604,610,539,1070,15,16,43451,6293,830,14,603,25,26,570,21,22,606,43453,12,13,19,20,602,43455,3894,32,23,24,33,58,605,17,18,43452,840,29,30,31,24105],"class_list":{"0":"post-225824","1":"post","2":"type-post","3":"status-publish","4":"format-standard","5":"has-post-thumbnail","7":"category-portugal","8":"tag-alerta","9":"tag-ao-minuto","10":"tag-boxer-rct-30","11":"tag-breaking-news","12":"tag-breakingnews","13":"tag-cnn","14":"tag-cnn-portugal","15":"tag-combate","16":"tag-crime","17":"tag-direto","18":"tag-educacao","19":"tag-exercito","20":"tag-featured-news","21":"tag-featurednews","22":"tag-forca-terrestre-2045","23":"tag-forcas-armadas","24":"tag-guerra","25":"tag-headlines","26":"tag-justica","27":"tag-latest-news","28":"tag-latestnews","29":"tag-live","30":"tag-main-news","31":"tag-mainnews","32":"tag-meteorologia","33":"tag-missoes","34":"tag-news","35":"tag-noticias","36":"tag-noticias-principais","37":"tag-noticiasprincipais","38":"tag-pais","39":"tag-pandur","40":"tag-plano","41":"tag-portugal","42":"tag-principais-noticias","43":"tag-principaisnoticias","44":"tag-pt","45":"tag-sociedade","46":"tag-tempo","47":"tag-top-stories","48":"tag-topstories","49":"tag-tropa","50":"tag-ucrania","51":"tag-ultimas","52":"tag-ultimas-noticias","53":"tag-ultimasnoticias","54":"tag-unidades"},"share_on_mastodon":{"url":"","error":"Validation failed: Text character limit of 500 exceeded"},"_links":{"self":[{"href":"https:\/\/www.europesays.com\/pt\/wp-json\/wp\/v2\/posts\/225824","targetHints":{"allow":["GET"]}}],"collection":[{"href":"https:\/\/www.europesays.com\/pt\/wp-json\/wp\/v2\/posts"}],"about":[{"href":"https:\/\/www.europesays.com\/pt\/wp-json\/wp\/v2\/types\/post"}],"author":[{"embeddable":true,"href":"https:\/\/www.europesays.com\/pt\/wp-json\/wp\/v2\/users\/2"}],"replies":[{"embeddable":true,"href":"https:\/\/www.europesays.com\/pt\/wp-json\/wp\/v2\/comments?post=225824"}],"version-history":[{"count":0,"href":"https:\/\/www.europesays.com\/pt\/wp-json\/wp\/v2\/posts\/225824\/revisions"}],"wp:featuredmedia":[{"embeddable":true,"href":"https:\/\/www.europesays.com\/pt\/wp-json\/wp\/v2\/media\/225825"}],"wp:attachment":[{"href":"https:\/\/www.europesays.com\/pt\/wp-json\/wp\/v2\/media?parent=225824"}],"wp:term":[{"taxonomy":"category","embeddable":true,"href":"https:\/\/www.europesays.com\/pt\/wp-json\/wp\/v2\/categories?post=225824"},{"taxonomy":"post_tag","embeddable":true,"href":"https:\/\/www.europesays.com\/pt\/wp-json\/wp\/v2\/tags?post=225824"}],"curies":[{"name":"wp","href":"https:\/\/api.w.org\/{rel}","templated":true}]}}