{"id":225826,"date":"2026-01-12T09:49:08","date_gmt":"2026-01-12T09:49:08","guid":{"rendered":"https:\/\/www.europesays.com\/pt\/225826\/"},"modified":"2026-01-12T09:49:08","modified_gmt":"2026-01-12T09:49:08","slug":"os-looks-da-passadeira-vermelha-dos-globos-de-ouro-observador-2","status":"publish","type":"post","link":"https:\/\/www.europesays.com\/pt\/225826\/","title":{"rendered":"Os looks da passadeira vermelha dos Globos de Ouro \u2013 Observador"},"content":{"rendered":"<p>A 83.\u00aa edi\u00e7\u00e3o dos Globos de Ouro trouxe este domingo a Los Angeles, Calif\u00f3rnia, mais pr\u00e9mios de cinema e televis\u00e3o de 2026. Assim como no ano passado, coube <a href=\"https:\/\/observador.pt\/2026\/01\/10\/quem-e-nikki-glaser-a-comediante-anfitria-dos-globos-de-ouro-2026-e-que-e-aplaudida-pelas-estrelas-que-queima-em-publico\/\" rel=\"nofollow noopener\" target=\"_blank\">\u00e0 comediante e atriz Nikki Glaser<\/a> conduzir a cerim\u00f3nia, tendo logo a abrir marcado a passadeira vermelha num vestido em tom rosa salm\u00e3o que contrasta com a cor que dominou o in\u00edcio da noite: o cl\u00e1ssico preto.<\/p>\n<p>Este veio invocar um regresso ao velho glamour de Hollywood, <a href=\"https:\/\/observador.pt\/2024\/01\/18\/do-fine-dining-televisivo-para-o-fine-dressing-um-guia-de-estilo-de-ayo-edebiri\/\" rel=\"nofollow noopener\" target=\"_blank\">a come\u00e7ar desde logo com Ayo Edebiri<\/a>, nomeada pelo terceiro ano consecutivo na categoria de Melhor Atriz em S\u00e9rie de Com\u00e9dia ou Musical de Televis\u00e3o pelo seu trabalho em The Bear. A atriz norte-americana \u2014 que j\u00e1 no ano passado venceu na mesma categoria \u2014 optou por um vestido preto com ombros \u00e0 mostra e uma pregadeira de cada lado\u00a0da cole\u00e7\u00e3o Chanel M\u00e9tiers d\u2019Art. Na mesma linha, e com o mesmo penteado, estiveram Selena Gomez, que chegou de batom encarnado e acompanhada pelo marido, Benny Blanco, com um vestido de veludo preto, adornado com mais de 200 flores feitas de penas, organza e chiffon de seda que ca\u00edam pelos ombros, tamb\u00e9m da Chanel, e Maura Higgins, com um vestido preto da Marmar Halim com uma capa dourada.<\/p>\n<p>Assim como na primeira passadeira vermelha do ano, <a href=\"https:\/\/observador.pt\/2026\/01\/05\/dos-smokings-aos-brilhos-os-looks-da-passadeira-dos-critics-choice-awards-2026\/\" rel=\"nofollow noopener\" target=\"_blank\">que antecedeu a cerim\u00f3nia do Critics Choice Awards no passado domingo, dia 4 de janeiro<\/a>, tamb\u00e9m nos Globos de Ouro n\u00e3o faltaram os brilhos. Foi o caso da atriz Leighton Meeste que, acompanhada pelo marido, Adam Brody, nomeado para Melhor Ator em S\u00e9rie de Com\u00e9dia ou Musical de Televis\u00e3o por Nobody Wants This, surgiu num vestido sem al\u00e7as em rosa e amarelo da Miu Miu. Se no domingo passado brilhou num vestido dourado da Ralph Lauren, Elle Fanning voltou a apostar nos brilhantes, com um vestido da Gucci, desta vez em prateado, acompanhado por joias Cartier. Tal como a irm\u00e3, tamb\u00e9m Dakota Fanning optou pelo brilho num Vivienne Westwood.<\/p>\n<p>Numa onda mais metalizada esteve Kate Hudson. A nomeada para a categoria de Melhor Atriz em Filme \u2014 Musical ou Com\u00e9dia pela sua atua\u00e7\u00e3o em Song Sung Blue,\u00a0a atriz de How to Lose a Guyin 10 Days marcou a passadeira vermelha num elegante vestido cinza met\u00e1lico com cristais e franjas de seda foi feito sob medida pela Giorgio Armani Priv\u00e9, que adornou o decote com Swarovski. A completar o look, Kate Hudson apostou nuns brincos compridos de diamantes.<\/p>\n<p>Tamb\u00e9m de fato preto estiveram Leonardo DiCaprio, nomeado para Melhor Ator, Musical ou Com\u00e9dia em Batalha Atr\u00e1s de Batalha, em Dior, Timoth\u00e9e Chalamet, nomeado na mesma categoria pelo seu papel em Marty Supreme, Paul Mescal, nomeado para Melhor ator secund\u00e1rio em Hamnet, que apostou na Gucci, e Jacob Elordi que, nomeado na mesma categoria, surgiu de \u00f3culos sol e Bottega Veneta.<\/p>\n<p><strong>Espreite a galeria em cima para conhecer alguns destaques da passadeira vermelha da 83.\u00aa gala dos Globos de Ouro.<\/strong><\/p>\n","protected":false},"excerpt":{"rendered":"A 83.\u00aa edi\u00e7\u00e3o dos Globos de Ouro trouxe este domingo a Los Angeles, Calif\u00f3rnia, mais pr\u00e9mios de cinema&hellip;\n","protected":false},"author":2,"featured_media":225827,"comment_status":"","ping_status":"","sticky":false,"template":"","format":"standard","meta":{"footnotes":""},"categories":[8],"tags":[27,28,470,315,15,16,21393,14,25,26,186,21,22,1079,12,13,19,20,14758,32,23,24,33,17,18,29,30,31],"class_list":{"0":"post-225826","1":"post","2":"type-post","3":"status-publish","4":"format-standard","5":"has-post-thumbnail","7":"category-principais-noticias","8":"tag-breaking-news","9":"tag-breakingnews","10":"tag-cinema","11":"tag-cultura","12":"tag-featured-news","13":"tag-featurednews","14":"tag-globos-de-ouro","15":"tag-headlines","16":"tag-latest-news","17":"tag-latestnews","18":"tag-lifestyle","19":"tag-main-news","20":"tag-mainnews","21":"tag-moda","22":"tag-news","23":"tag-noticias","24":"tag-noticias-principais","25":"tag-noticiasprincipais","26":"tag-passadeira-vermelha","27":"tag-portugal","28":"tag-principais-noticias","29":"tag-principaisnoticias","30":"tag-pt","31":"tag-top-stories","32":"tag-topstories","33":"tag-ultimas","34":"tag-ultimas-noticias","35":"tag-ultimasnoticias"},"share_on_mastodon":{"url":"https:\/\/pubeurope.com\/@pt\/115881506575649043","error":""},"_links":{"self":[{"href":"https:\/\/www.europesays.com\/pt\/wp-json\/wp\/v2\/posts\/225826","targetHints":{"allow":["GET"]}}],"collection":[{"href":"https:\/\/www.europesays.com\/pt\/wp-json\/wp\/v2\/posts"}],"about":[{"href":"https:\/\/www.europesays.com\/pt\/wp-json\/wp\/v2\/types\/post"}],"author":[{"embeddable":true,"href":"https:\/\/www.europesays.com\/pt\/wp-json\/wp\/v2\/users\/2"}],"replies":[{"embeddable":true,"href":"https:\/\/www.europesays.com\/pt\/wp-json\/wp\/v2\/comments?post=225826"}],"version-history":[{"count":0,"href":"https:\/\/www.europesays.com\/pt\/wp-json\/wp\/v2\/posts\/225826\/revisions"}],"wp:featuredmedia":[{"embeddable":true,"href":"https:\/\/www.europesays.com\/pt\/wp-json\/wp\/v2\/media\/225827"}],"wp:attachment":[{"href":"https:\/\/www.europesays.com\/pt\/wp-json\/wp\/v2\/media?parent=225826"}],"wp:term":[{"taxonomy":"category","embeddable":true,"href":"https:\/\/www.europesays.com\/pt\/wp-json\/wp\/v2\/categories?post=225826"},{"taxonomy":"post_tag","embeddable":true,"href":"https:\/\/www.europesays.com\/pt\/wp-json\/wp\/v2\/tags?post=225826"}],"curies":[{"name":"wp","href":"https:\/\/api.w.org\/{rel}","templated":true}]}}