{"id":225828,"date":"2026-01-12T09:50:22","date_gmt":"2026-01-12T09:50:22","guid":{"rendered":"https:\/\/www.europesays.com\/pt\/225828\/"},"modified":"2026-01-12T09:50:22","modified_gmt":"2026-01-12T09:50:22","slug":"quimbe-emociona-se-ao-recordar-depressoes-e-menciona-pedro-lima-podia-ter-sido-eu","status":"publish","type":"post","link":"https:\/\/www.europesays.com\/pt\/225828\/","title":{"rendered":"Quimb\u00e9 emociona-se ao recordar depress\u00f5es e menciona Pedro Lima: &#8220;Podia ter sido eu&#8230;&#8221;"},"content":{"rendered":"<p>\u201cJ<strong>\u00e1 tive v\u00e1rias depress\u00f5es.<\/strong> Mas a primeira \u00e9 estranha, porque tu n\u00e3o sabes o que se est\u00e1 a passar contigo. De repente, n\u00e3o me apetecia sair de casa, ou sequer sair da cama, o tempo vai passando e <strong>as coisas n\u00e3o v\u00e3o passando, v\u00e3o muitas vezes piorando.<\/strong> H\u00e1 20 e tal anos, quando tive a primeira depress\u00e3o, o que \u00e9 que eu fiz? Nada. Este \u00e9 o problema da maior parte das pessoas, n\u00e3o dizem a ningu\u00e9m e guardam para eles\u201d, come\u00e7ou por contar.<\/p>\n<p>\u201cTive uma m\u00e1goa muito grande e \u00e9 muito duro\u201d<\/p>\n<p>De seguida, revelou emocionado: \u201cAs pessoas pensam que as coisas v\u00e3o passar, mas \u00e0s vezes elas n\u00e3o passam. As pessoas acham estranho quando um humorista tem esta capa. Na primeira depress\u00e3o, tive uma m\u00e1goa muito grande e \u00e9 muito duro. Era t\u00e3o grande que n\u00e3o percebia o motivo de estar assim. Est\u00e1s numa dor constante, e pensas: \u2018Isto \u00e9 uma merda, n\u00e3o quero viver assim\u2019. \u00c9 a\u00ed que come\u00e7as a pensar em v\u00e1rias solu\u00e7\u00f5es. <strong>Chegas a um ponto e pensas: vou suicidar-me. \u00c9 um rem\u00e9dio.<\/strong>\u201d<\/p>\n<p>No seguimento, mencionou Pedro Lima, que em junho de 2020, acabou por tirar a pr\u00f3pria vida: \u201cFoi aquilo que o Pedro Lima fez. Quando o Pedro fez aquilo, eu revi-me ali. <strong>Podia ter sido eu a<\/strong> fazer aquilo h\u00e1 20 anos e as pessoas n\u00e3o iam entender e n\u00e3o teria vivido aquilo que vivi, os meus filhos, estar aqui\u2026\u201d<\/p>\n<p>\nTexto: Maria Constan\u00e7a Castanheira; Fotos: Redes Sociais<\/p>\n","protected":false},"excerpt":{"rendered":"\u201cJ\u00e1 tive v\u00e1rias depress\u00f5es. Mas a primeira \u00e9 estranha, porque tu n\u00e3o sabes o que se est\u00e1 a&hellip;\n","protected":false},"author":2,"featured_media":225829,"comment_status":"","ping_status":"","sticky":false,"template":"","format":"standard","meta":{"footnotes":""},"categories":[145],"tags":[211,210,114,115,32,33],"class_list":{"0":"post-225828","1":"post","2":"type-post","3":"status-publish","4":"format-standard","5":"has-post-thumbnail","7":"category-celebridades","8":"tag-celebridades","9":"tag-celebrities","10":"tag-entertainment","11":"tag-entretenimento","12":"tag-portugal","13":"tag-pt"},"share_on_mastodon":{"url":"https:\/\/pubeurope.com\/@pt\/115881510342699203","error":""},"_links":{"self":[{"href":"https:\/\/www.europesays.com\/pt\/wp-json\/wp\/v2\/posts\/225828","targetHints":{"allow":["GET"]}}],"collection":[{"href":"https:\/\/www.europesays.com\/pt\/wp-json\/wp\/v2\/posts"}],"about":[{"href":"https:\/\/www.europesays.com\/pt\/wp-json\/wp\/v2\/types\/post"}],"author":[{"embeddable":true,"href":"https:\/\/www.europesays.com\/pt\/wp-json\/wp\/v2\/users\/2"}],"replies":[{"embeddable":true,"href":"https:\/\/www.europesays.com\/pt\/wp-json\/wp\/v2\/comments?post=225828"}],"version-history":[{"count":0,"href":"https:\/\/www.europesays.com\/pt\/wp-json\/wp\/v2\/posts\/225828\/revisions"}],"wp:featuredmedia":[{"embeddable":true,"href":"https:\/\/www.europesays.com\/pt\/wp-json\/wp\/v2\/media\/225829"}],"wp:attachment":[{"href":"https:\/\/www.europesays.com\/pt\/wp-json\/wp\/v2\/media?parent=225828"}],"wp:term":[{"taxonomy":"category","embeddable":true,"href":"https:\/\/www.europesays.com\/pt\/wp-json\/wp\/v2\/categories?post=225828"},{"taxonomy":"post_tag","embeddable":true,"href":"https:\/\/www.europesays.com\/pt\/wp-json\/wp\/v2\/tags?post=225828"}],"curies":[{"name":"wp","href":"https:\/\/api.w.org\/{rel}","templated":true}]}}