{"id":225832,"date":"2026-01-12T09:55:07","date_gmt":"2026-01-12T09:55:07","guid":{"rendered":"https:\/\/www.europesays.com\/pt\/225832\/"},"modified":"2026-01-12T09:55:07","modified_gmt":"2026-01-12T09:55:07","slug":"elijah-wood-comenta-possivel-reuniao-com-gandalf-em-o-senhor-dos-aneis-a-caca-por-gollum","status":"publish","type":"post","link":"https:\/\/www.europesays.com\/pt\/225832\/","title":{"rendered":"Elijah Wood comenta poss\u00edvel reuni\u00e3o com Gandalf em O Senhor dos An\u00e9is: A Ca\u00e7a por Gollum"},"content":{"rendered":"<p class=\"wp-block-yoast-seo-estimated-reading-time yoast-reading-time__wrapper\">Estimated reading time: 3 minutos<\/p>\n<p>Durante o painel de <strong>Elijah Wood<\/strong> na FAN EXPO New Orleans, o ator foi questionado sobre os rumores envolvendo seu poss\u00edvel retorno como Frodo em O Senhor dos An\u00e9is: A Ca\u00e7a por Gollum, pr\u00f3ximo longa do universo criado por J.R.R. Tolkien. A d\u00favida surgiu ap\u00f3s Ian McKellen, j\u00e1 confirmado como Gandalf, ter deixado escapar que o mago reencontrar\u00e1 Frodo na nova produ\u00e7\u00e3o.<\/p>\n<p>Wood, no entanto, optou por n\u00e3o confirmar nem negar sua participa\u00e7\u00e3o. Em resposta ao moderador Liam Crowley, do ScreenRant, ele comentou com bom humor: <strong>\u201cUm mago deve ser confi\u00e1vel\u201d<\/strong>, e demonstrou entusiasmo com o projeto, ainda que tenha dito que n\u00e3o est\u00e1 autorizado a revelar nada oficialmente.<\/p>\n<blockquote class=\"wp-block-quote is-layout-flow wp-block-quote-is-layout-flow\">\n<p>\u201c<strong>Estou realmente animado com o filme. \u00c9 como reunir a banda novamente. Muitos dos chefes criativos est\u00e3o de volta nesse universo. A Philippa [Boyens] est\u00e1 coescrevendo e produzindo. \u00c9 a equipe original contando essa nova hist\u00f3ria que promete ser uma explora\u00e7\u00e3o divertida de um personagem que todos amamos.\u201d<\/strong><\/p>\n<\/blockquote>\n<p>Wood tamb\u00e9m fez quest\u00e3o de elogiar <strong>Andy Serkis<\/strong>, int\u00e9rprete de Gollum, que agora assumir\u00e1 a dire\u00e7\u00e3o do projeto: <strong>\u201cParece incrivelmente apropriado que ele dirija um filme sobre seu personagem, que ele incorporou de maneira t\u00e3o definitiva. Estou empolgado.\u201d<\/strong><\/p>\n<p>Outro ponto mencionado por Wood \u00e9 que o filme n\u00e3o deve ser uma produ\u00e7\u00e3o isolada. O ator reconheceu que a inten\u00e7\u00e3o do est\u00fadio \u00e9 expandir o universo de O Senhor dos An\u00e9is com mais filmes, o que pode abrir espa\u00e7o para o retorno de outros personagens ic\u00f4nicos, incluindo, possivelmente, ele mesmo.<\/p>\n<p>Apesar do mist\u00e9rio em torno do elenco, a volta de Ian McKellen como Gandalf e de Serkis como Gollum j\u00e1 indica uma forte liga\u00e7\u00e3o com a trilogia original de Peter Jackson. A produ\u00e7\u00e3o tamb\u00e9m contar\u00e1 com Philippa Boyens como roteirista e produtora, refor\u00e7ando o envolvimento da equipe criativa que ajudou a transformar O Senhor dos An\u00e9is em um fen\u00f4meno cinematogr\u00e1fico.<\/p>\n<p>McKellen revelou que as filmagens de The Hunt for Gollum come\u00e7am em maio, com estreia marcada para os cinemas em 17 de dezembro de 2027. At\u00e9 l\u00e1, a confirma\u00e7\u00e3o da presen\u00e7a de Frodo  e de Elijah Wood pode permanecer guardada como um segredo digno dos Hobbits.<\/p>\n<p>Leia mais sobre O Senhor dos An\u00e9is:<\/p>\n<p>A trama\u00a0\u00e9 situada durante a era de\u00a0<strong>A Sociedade do Anel<\/strong>, pouco antes de Frodo Bolseiro deixar o Condado para ir at\u00e9 Rivendell, e come\u00e7a com Gandalf enviando Aragorn em uma miss\u00e3o para encontrar Gollum, que o mago teme que possa revelar informa\u00e7\u00f5es sobre o Um Anel a Sauron.<\/p>\n<p>Ou seja,\u00a0n\u00e3o \u00e9 exatamente um prel\u00fadio, e acontece paralelamente ao cl\u00e1ssico longa-metragem.<\/p>\n<p><strong>Andy Serkis<\/strong>\u00a0dirige, e a estreia est\u00e1 agendada para\u00a0<strong>17 de dezembro de 2027<\/strong>.<\/p>\n","protected":false},"excerpt":{"rendered":"Estimated reading time: 3 minutos Durante o painel de Elijah Wood na FAN EXPO New Orleans, o ator&hellip;\n","protected":false},"author":2,"featured_media":225833,"comment_status":"","ping_status":"","sticky":false,"template":"","format":"standard","meta":{"footnotes":""},"categories":[140],"tags":[114,115,147,148,146,13537,32,33],"class_list":{"0":"post-225832","1":"post","2":"type-post","3":"status-publish","4":"format-standard","5":"has-post-thumbnail","7":"category-filmes","8":"tag-entertainment","9":"tag-entretenimento","10":"tag-film","11":"tag-filmes","12":"tag-movies","13":"tag-o-senhor-dos-aneis","14":"tag-portugal","15":"tag-pt"},"share_on_mastodon":{"url":"https:\/\/pubeurope.com\/@pt\/115881530076623693","error":""},"_links":{"self":[{"href":"https:\/\/www.europesays.com\/pt\/wp-json\/wp\/v2\/posts\/225832","targetHints":{"allow":["GET"]}}],"collection":[{"href":"https:\/\/www.europesays.com\/pt\/wp-json\/wp\/v2\/posts"}],"about":[{"href":"https:\/\/www.europesays.com\/pt\/wp-json\/wp\/v2\/types\/post"}],"author":[{"embeddable":true,"href":"https:\/\/www.europesays.com\/pt\/wp-json\/wp\/v2\/users\/2"}],"replies":[{"embeddable":true,"href":"https:\/\/www.europesays.com\/pt\/wp-json\/wp\/v2\/comments?post=225832"}],"version-history":[{"count":0,"href":"https:\/\/www.europesays.com\/pt\/wp-json\/wp\/v2\/posts\/225832\/revisions"}],"wp:featuredmedia":[{"embeddable":true,"href":"https:\/\/www.europesays.com\/pt\/wp-json\/wp\/v2\/media\/225833"}],"wp:attachment":[{"href":"https:\/\/www.europesays.com\/pt\/wp-json\/wp\/v2\/media?parent=225832"}],"wp:term":[{"taxonomy":"category","embeddable":true,"href":"https:\/\/www.europesays.com\/pt\/wp-json\/wp\/v2\/categories?post=225832"},{"taxonomy":"post_tag","embeddable":true,"href":"https:\/\/www.europesays.com\/pt\/wp-json\/wp\/v2\/tags?post=225832"}],"curies":[{"name":"wp","href":"https:\/\/api.w.org\/{rel}","templated":true}]}}