{"id":225836,"date":"2026-01-12T09:57:08","date_gmt":"2026-01-12T09:57:08","guid":{"rendered":"https:\/\/www.europesays.com\/pt\/225836\/"},"modified":"2026-01-12T09:57:08","modified_gmt":"2026-01-12T09:57:08","slug":"anvisa-aprova-novo-medicamento-para-alzheimer-no-brasil","status":"publish","type":"post","link":"https:\/\/www.europesays.com\/pt\/225836\/","title":{"rendered":"Anvisa aprova novo medicamento para Alzheimer no Brasil"},"content":{"rendered":"<p>A Anvisa, Ag\u00eancia Nacional de Vigil\u00e2ncia Sanit\u00e1ria, aprovou o uso do medicamento leqembi para o tratamento da doen\u00e7a de\u00a0Alzheimer. O produto, in\u00e9dito no pa\u00eds, \u00e9 feito com o anticorpo lecanemabe pertencente \u00e0 classe dos f\u00e1rmacos biol\u00f3gicos. Segundo o registro, \u00e9 indicado para pacientes adultos com diagn\u00f3stico cl\u00ednico de comprometimento cognitivo e dem\u00eancia leves decorrentes da doen\u00e7a de\u00a0Alzheimer, na fase inicial.<img decoding=\"async\" src=\"https:\/\/www.europesays.com\/pt\/wp-content\/uploads\/2026\/01\/1768211827_157_ebc.png\" style=\"width:1px; height:1px; display:inline;\"\/><img decoding=\"async\" src=\"https:\/\/www.europesays.com\/pt\/wp-content\/uploads\/2026\/01\/1768211828_2_ebc.gif\" style=\"width:1px; height:1px; display:inline;\"\/><\/p>\n<p>O medicamento deve ser administrado por infus\u00e3o intravenosa, durante aproximadamente uma hora, uma vez a cada duas semanas.<\/p>\n<p>Com o registro, o leqembi est\u00e1 autorizado para distribui\u00e7\u00e3o e uso no pa\u00eds. O prazo para sua entrada no mercado depende do laborat\u00f3rio respons\u00e1vel pelo f\u00e1rmaco.<\/p>\n<p>De acordo com o Minist\u00e9rio da Sa\u00fade, mais de um milh\u00e3o de pessoas no Brasil convivem com o\u00a0Alzheimer.<\/p>\n","protected":false},"excerpt":{"rendered":"A Anvisa, Ag\u00eancia Nacional de Vigil\u00e2ncia Sanit\u00e1ria, aprovou o uso do medicamento leqembi para o tratamento da doen\u00e7a&hellip;\n","protected":false},"author":2,"featured_media":219744,"comment_status":"","ping_status":"","sticky":false,"template":"","format":"standard","meta":{"footnotes":""},"categories":[86],"tags":[116,32,33,117],"class_list":{"0":"post-225836","1":"post","2":"type-post","3":"status-publish","4":"format-standard","5":"has-post-thumbnail","7":"category-saude","8":"tag-health","9":"tag-portugal","10":"tag-pt","11":"tag-saude"},"share_on_mastodon":{"url":"https:\/\/pubeurope.com\/@pt\/115881537972451169","error":""},"_links":{"self":[{"href":"https:\/\/www.europesays.com\/pt\/wp-json\/wp\/v2\/posts\/225836","targetHints":{"allow":["GET"]}}],"collection":[{"href":"https:\/\/www.europesays.com\/pt\/wp-json\/wp\/v2\/posts"}],"about":[{"href":"https:\/\/www.europesays.com\/pt\/wp-json\/wp\/v2\/types\/post"}],"author":[{"embeddable":true,"href":"https:\/\/www.europesays.com\/pt\/wp-json\/wp\/v2\/users\/2"}],"replies":[{"embeddable":true,"href":"https:\/\/www.europesays.com\/pt\/wp-json\/wp\/v2\/comments?post=225836"}],"version-history":[{"count":0,"href":"https:\/\/www.europesays.com\/pt\/wp-json\/wp\/v2\/posts\/225836\/revisions"}],"wp:featuredmedia":[{"embeddable":true,"href":"https:\/\/www.europesays.com\/pt\/wp-json\/wp\/v2\/media\/219744"}],"wp:attachment":[{"href":"https:\/\/www.europesays.com\/pt\/wp-json\/wp\/v2\/media?parent=225836"}],"wp:term":[{"taxonomy":"category","embeddable":true,"href":"https:\/\/www.europesays.com\/pt\/wp-json\/wp\/v2\/categories?post=225836"},{"taxonomy":"post_tag","embeddable":true,"href":"https:\/\/www.europesays.com\/pt\/wp-json\/wp\/v2\/tags?post=225836"}],"curies":[{"name":"wp","href":"https:\/\/api.w.org\/{rel}","templated":true}]}}