{"id":225837,"date":"2026-01-12T09:58:14","date_gmt":"2026-01-12T09:58:14","guid":{"rendered":"https:\/\/www.europesays.com\/pt\/225837\/"},"modified":"2026-01-12T09:58:14","modified_gmt":"2026-01-12T09:58:14","slug":"atualizado-estado-de-saude-de-sara-carbonero-apos-operacao-de-urgencia","status":"publish","type":"post","link":"https:\/\/www.europesays.com\/pt\/225837\/","title":{"rendered":"Atualizado estado de sa\u00fade de Sara Carbonero ap\u00f3s opera\u00e7\u00e3o de urg\u00eancia"},"content":{"rendered":"<p>Ha novidades sobre o estado de sa\u00fade de Sara Carbonero. A jornalista, de 41 anos, continua hospitalizada em Lanzarote, Espanha, onde entrou a 2 de janeiro deste ano mas j\u00e1 saiu dos cuidados intensivos.\u00a0<\/p>\n<p>A comunicadora foi submetida a uma cirurgia de emerg\u00eancia no dia 5 de janeiro, poucos dias depois de ter entrado no Hospital Jos\u00e9 Molina Orosa.\u00a0<\/p>\n<p>Segundo o que fontes revelaram \u00e0 revista Hola!, Sara est\u00e1vel e a recuperar e prova disso \u00e9 que j\u00e1 est\u00e1 ativa nas redes sociais e tem estado a responder a mensagens.<\/p>\n<p>&#8220;Embora a sua recupera\u00e7\u00e3o seja lenta, ela est\u00e1 a progredir favoravelmente&#8221;, referiu a fonte. Ao que parece, a alta poder\u00e1 estar pr\u00f3xima de acontecer.<\/p>\n<p>Iker Casillas falou publicamente sobre o estado de sa\u00fade da ex-companheira e m\u00e3e dos seus dios filhos e referiu:\u00a0 &#8220;N\u00e3o h\u00e1 nada para nos preocuparmos, felizmente&#8221;, confessou.<\/p>\n<p>Quem tem estado ao seu lado \u00e9 o namorado Jota Cabrera que n\u00e3o saiu do hospital para a conseguir acompanhar. Sara sentiu-se mal no dia 2 de janeiro durante as suas f\u00e9rias em Lanzarote, nas ilhas Can\u00e1rias, local onde celebrou a Passagem de Ano com amigos.\u00a0<\/p>\n<p>Recorde-se que a jornalista passou por um cancro nos ov\u00e1rios em 2019 mas at\u00e9 ver n\u00e3o se sabe se este problema de sa\u00fade poder\u00e1 estar relacionado.<\/p>\n<p>                                                    <img decoding=\"async\" height=\"640\" with=\"360\" src=\"https:\/\/www.europesays.com\/pt\/wp-content\/uploads\/2026\/01\/naom_6231d45d5093c.jpg\" border=\"0\" alt=\"Sara Carbonero foi operada de urg\u00eancia e encontra-se em recupera\u00e7\u00e3o\"\/><\/p>\n<p>Foi revelado o motivo pelo qual Sara Carbonero foi internada de urg\u00eancia num hospital em Lanzarote, nas Can\u00e1rias, durante as f\u00e9rias. A jornalista precisou de ser operada de urg\u00eancia e encontra-se em recupera\u00e7\u00e3o.<\/p>\n<p>                                                     Not\u00edcias ao Minuto | 15:30 &#8211; 06\/01\/2026 <\/p>\n<p>\u00a0<\/p>\n","protected":false},"excerpt":{"rendered":"Ha novidades sobre o estado de sa\u00fade de Sara Carbonero. A jornalista, de 41 anos, continua hospitalizada em&hellip;\n","protected":false},"author":2,"featured_media":225838,"comment_status":"","ping_status":"","sticky":false,"template":"","format":"standard","meta":{"footnotes":""},"categories":[85],"tags":[114,115,32,33],"class_list":{"0":"post-225837","1":"post","2":"type-post","3":"status-publish","4":"format-standard","5":"has-post-thumbnail","7":"category-entretenimento","8":"tag-entertainment","9":"tag-entretenimento","10":"tag-portugal","11":"tag-pt"},"share_on_mastodon":{"url":"https:\/\/pubeurope.com\/@pt\/115881541831745075","error":""},"_links":{"self":[{"href":"https:\/\/www.europesays.com\/pt\/wp-json\/wp\/v2\/posts\/225837","targetHints":{"allow":["GET"]}}],"collection":[{"href":"https:\/\/www.europesays.com\/pt\/wp-json\/wp\/v2\/posts"}],"about":[{"href":"https:\/\/www.europesays.com\/pt\/wp-json\/wp\/v2\/types\/post"}],"author":[{"embeddable":true,"href":"https:\/\/www.europesays.com\/pt\/wp-json\/wp\/v2\/users\/2"}],"replies":[{"embeddable":true,"href":"https:\/\/www.europesays.com\/pt\/wp-json\/wp\/v2\/comments?post=225837"}],"version-history":[{"count":0,"href":"https:\/\/www.europesays.com\/pt\/wp-json\/wp\/v2\/posts\/225837\/revisions"}],"wp:featuredmedia":[{"embeddable":true,"href":"https:\/\/www.europesays.com\/pt\/wp-json\/wp\/v2\/media\/225838"}],"wp:attachment":[{"href":"https:\/\/www.europesays.com\/pt\/wp-json\/wp\/v2\/media?parent=225837"}],"wp:term":[{"taxonomy":"category","embeddable":true,"href":"https:\/\/www.europesays.com\/pt\/wp-json\/wp\/v2\/categories?post=225837"},{"taxonomy":"post_tag","embeddable":true,"href":"https:\/\/www.europesays.com\/pt\/wp-json\/wp\/v2\/tags?post=225837"}],"curies":[{"name":"wp","href":"https:\/\/api.w.org\/{rel}","templated":true}]}}