{"id":225842,"date":"2026-01-12T10:03:08","date_gmt":"2026-01-12T10:03:08","guid":{"rendered":"https:\/\/www.europesays.com\/pt\/225842\/"},"modified":"2026-01-12T10:03:08","modified_gmt":"2026-01-12T10:03:08","slug":"mais-de-10-700-autarcas-elegem-hoje-os-lideres-das-regioes-ribau-esteves-mantem-candidatura-cmjornal-pt","status":"publish","type":"post","link":"https:\/\/www.europesays.com\/pt\/225842\/","title":{"rendered":"Mais de 10 700 autarcas elegem hoje os l\u00edderes das regi\u00f5es. Ribau Esteves mant\u00e9m candidatura &#8211; cmjornal.pt"},"content":{"rendered":"<ol>\n<li><a href=\"https:\/\/news.google.com\/rss\/articles\/CBMizAFBVV95cUxPdGs2cVZiQzhCeGl3cEZFLURac1d4eFdyaTRia0FXbENTbjlEUmdBcUYzdWZZS1I0R2dhVGdOMUw2TXl4QkxTMGJqSzMxenRwU1pBMF9VQjNqUndEcjJERVVfaEpndUJ3MWtWV1JDVUp5OTRjQXFWZzNEeDhLWGpubE1CXzBaZ3R2M25wYmJOeG9PMVJMbWhIa0ltTUxZY2lBV0EtcFdYZmxkbHc3RGR3ZG05ZzVraFhBYmotclAyeHpqWld3YVNLZlRWeHo?oc=5\" target=\"_blank\" rel=\"nofollow noopener\">Mais de 10 700 autarcas elegem hoje os l\u00edderes das regi\u00f5es. Ribau Esteves mant\u00e9m candidatura<\/a>&nbsp;&nbsp;cmjornal.pt<\/li>\n<li><a href=\"https:\/\/news.google.com\/rss\/articles\/CBMiugFBVV95cUxNWkFRWlVfUFdUZ1FhTXZZNHdVU0Q1dHBPXzFldWZ0ZVdDS3A1TENPV0JYUl8yV2VSdzV4V0c2cmhMMVhxaEZDSGdtM1VxU2ZfTWtPTDBIektJdUo0VFRHcERFZnNmX3lSYXBWdEJNN0phVHpPN2owQnBWdGNLOWxaWTBZaHhCeEd1SkZwMVptNTVQTHVZaWs5cmJZVkVFcXdqblQyY1NDLVkyWk5lMzlVNTJsLW1Qel9SZEE?oc=5\" target=\"_blank\" rel=\"nofollow noopener\">PS e PSD dividem lideran\u00e7as das comiss\u00f5es de coordena\u00e7\u00e3o regional que v\u00e3o a elei\u00e7\u00f5es<\/a>&nbsp;&nbsp;Observador<\/li>\n<li><a href=\"https:\/\/news.google.com\/rss\/articles\/CBMisgFBVV95cUxOaVhwXy02OWM2Q0hqWDJBVktTVEtneEFjV200V1p0TjRON3o2RnJUUm5mZGhRRmxyazFZYjZpblBTMEdPTXZWZnVqUTFLVTY3dmxkNm9WYzhDZmg0R2dWeFVMd296RmdKNWVCZWlrZUdxUGoxeWI2N1M3VFpUcHZiaV9sQVBiOTgzZ0FQNzlkWkpVMTBzU1RPT1BaNFFKc2plOTVDa2xidnNPZUtTZzBxVER3?oc=5\" target=\"_blank\" rel=\"nofollow noopener\">O que prometem fazer os novos e os repetentes presidentes das regi\u00f5es<\/a>&nbsp;&nbsp;Jornal de Not\u00edcias<\/li>\n<li><a href=\"https:\/\/news.google.com\/rss\/articles\/CBMivgFBVV95cUxQa2oxME9ZQmlzeG5wSUZUVkNYeWU3R0ZqR1Bzc2RqM1U1U3plRHJuYU9RV001d041cldzNVBhVmF0X2lQaTdmMWJZNzgxUmJNMURPLWxPcWVxT1N5NXFzNm1fVm4zVVJYdDA4MlA0RlBjWTZ5dllXTkIxeHFHaVlmSVQxdHFDYjVxQVdRSmVRNGlJV2J3djhwVVFFVWZldko3MTRRaDNPdW5CUkV1NG5HeEpMLVhURl9nWGFhaEp3?oc=5\" target=\"_blank\" rel=\"nofollow noopener\">CCDRAlentejo: Eleitos da CDU n\u00e3o participam na vota\u00e7\u00e3o perante \u201cneg\u00f3cio\u201d feito entre PS e PSD<\/a>&nbsp;&nbsp;O Atual<\/li>\n<li><a href=\"https:\/\/news.google.com\/rss\/articles\/CBMinwFBVV95cUxQZVY2MGQ4VTZuQXFOSk5LWFVNNGpiQV9xaXgwRU5WQzR6dHFnWkxhZVR5eXhLTndRTkU5T0pGYnY4VElXZHNvMXV6R3hNUEV3dkN0cG92RFNjR2x3SENyd1U5VTJ3VGNRMHNlYkxXOXV4LVdiZU9kcEhkZ0xBbEFIZmFmRzNjYTZzWUNZU3FkWXZFOFkxOFZUMGI0LVBlbWc?oc=5\" target=\"_blank\" rel=\"nofollow noopener\">Autarcas elegem novo presidente e vice-presidente da CCDR do Alentejo<\/a>&nbsp;&nbsp;Correio Alentejo<\/li>\n<\/ol>\n","protected":false},"excerpt":{"rendered":"Mais de 10 700 autarcas elegem hoje os l\u00edderes das regi\u00f5es. Ribau Esteves mant\u00e9m candidatura&nbsp;&nbsp;cmjornal.pt PS e PSD&hellip;\n","protected":false},"author":2,"featured_media":225843,"comment_status":"","ping_status":"","sticky":false,"template":"","format":"standard","meta":{"footnotes":""},"categories":[8],"tags":[288,2569,41976,41977,43460,27,28,362,15471,15,16,524,14,42910,41978,25,26,797,21,22,12,13,19,20,18750,32,23,24,33,43461,18970,43462,17,18,29,30,31],"class_list":{"0":"post-225842","1":"post","2":"type-post","3":"status-publish","4":"format-standard","5":"has-post-thumbnail","7":"category-principais-noticias","8":"tag-alentejo","9":"tag-algarve","10":"tag-alvaro-santos","11":"tag-antonio-cunha","12":"tag-associacao-nacional-de-assembleias-municipais","13":"tag-breaking-news","14":"tag-breakingnews","15":"tag-casas","16":"tag-comunidades","17":"tag-featured-news","18":"tag-featurednews","19":"tag-futebol","20":"tag-headlines","21":"tag-indica","22":"tag-jose-apolinario","23":"tag-latest-news","24":"tag-latestnews","25":"tag-lisboa","26":"tag-main-news","27":"tag-mainnews","28":"tag-news","29":"tag-noticias","30":"tag-noticias-principais","31":"tag-noticiasprincipais","32":"tag-partido-social-democrata","33":"tag-portugal","34":"tag-principais-noticias","35":"tag-principaisnoticias","36":"tag-pt","37":"tag-ricardo-pinheiro-santana","38":"tag-rio-tejo","39":"tag-teresa-almeida","40":"tag-top-stories","41":"tag-topstories","42":"tag-ultimas","43":"tag-ultimas-noticias","44":"tag-ultimasnoticias"},"share_on_mastodon":{"url":"","error":"Validation failed: Text character limit of 500 exceeded"},"_links":{"self":[{"href":"https:\/\/www.europesays.com\/pt\/wp-json\/wp\/v2\/posts\/225842","targetHints":{"allow":["GET"]}}],"collection":[{"href":"https:\/\/www.europesays.com\/pt\/wp-json\/wp\/v2\/posts"}],"about":[{"href":"https:\/\/www.europesays.com\/pt\/wp-json\/wp\/v2\/types\/post"}],"author":[{"embeddable":true,"href":"https:\/\/www.europesays.com\/pt\/wp-json\/wp\/v2\/users\/2"}],"replies":[{"embeddable":true,"href":"https:\/\/www.europesays.com\/pt\/wp-json\/wp\/v2\/comments?post=225842"}],"version-history":[{"count":0,"href":"https:\/\/www.europesays.com\/pt\/wp-json\/wp\/v2\/posts\/225842\/revisions"}],"wp:featuredmedia":[{"embeddable":true,"href":"https:\/\/www.europesays.com\/pt\/wp-json\/wp\/v2\/media\/225843"}],"wp:attachment":[{"href":"https:\/\/www.europesays.com\/pt\/wp-json\/wp\/v2\/media?parent=225842"}],"wp:term":[{"taxonomy":"category","embeddable":true,"href":"https:\/\/www.europesays.com\/pt\/wp-json\/wp\/v2\/categories?post=225842"},{"taxonomy":"post_tag","embeddable":true,"href":"https:\/\/www.europesays.com\/pt\/wp-json\/wp\/v2\/tags?post=225842"}],"curies":[{"name":"wp","href":"https:\/\/api.w.org\/{rel}","templated":true}]}}