{"id":225852,"date":"2026-01-12T10:12:08","date_gmt":"2026-01-12T10:12:08","guid":{"rendered":"https:\/\/www.europesays.com\/pt\/225852\/"},"modified":"2026-01-12T10:12:08","modified_gmt":"2026-01-12T10:12:08","slug":"sobrinho-simoes-cancro-nao-vai-ter-vacina-mas-pode-ser-controlado","status":"publish","type":"post","link":"https:\/\/www.europesays.com\/pt\/225852\/","title":{"rendered":"Sobrinho Sim\u00f5es: Cancro n\u00e3o vai ter vacina mas pode ser controlado"},"content":{"rendered":"<p data-remotead-prev-elm=\"true\" data-remotead-elm-id=\"inread\">&#8220;Todos os anos, no mundo, aumenta muito o n\u00famero de cancros. Mas as pessoas que morrem por cancro n\u00e3o t\u00eam aumentado. O que significa que, todos os anos, melhoramos a taxa de controlo. <strong>N\u00e3o podemos falar em cura, mas falamos em controlo<\/strong>. Perceber isso \u00e9 muito importante, e \u00e9 isto que fazemos nestas sess\u00f5es&#8221;, descreveu, em declara\u00e7\u00f5es \u00e0 Lusa, o diretor do IPATIMUP (Instituto de Patologia e Imunologia Molecular da Universidade do Porto).<\/p>\n<p>O patologista que foi Pr\u00e9mio Pessoa em 2002 falava a prop\u00f3sito da quinta edi\u00e7\u00e3o do ciclo &#8220;Tratar o Cancro por Tu&#8221;, que come\u00e7a na ter\u00e7a-feira e se prolonga at\u00e9 12 de mar\u00e7o, levando cientistas e especialistas a &#8220;tornar a linguagem t\u00e3o acess\u00edvel quanto poss\u00edvel&#8221; em sess\u00f5es em Matosinhos, Guarda, \u00c9vora, Viana do Castelo, Guimar\u00e3es e Angra do Hero\u00edsmo.<\/p>\n<p>&#8220;Aquela pergunta de quando vir\u00e1 a cura do cancro \u00e9 um disparate. O que vai aparecer s\u00e3o cada vez mais situa\u00e7\u00f5es que conseguimos controlar, mas cada doente e cada cancro t\u00eam uma especificidade. N\u00e3o \u00e9 a mesma coisa do que uma vacina&#8221;, notou.<\/p>\n<p data-remotead-prev-elm=\"true\" data-remotead-elm-id=\"centro1\">O esfor\u00e7o, explicou, &#8220;\u00e9 sempre no sentido de tornar a pessoa mais consciente do que significa [a doen\u00e7a], do que pode fazer, em que pode mudar a sua alimenta\u00e7\u00e3o, em que medida temos que transformar, tanto quanto poss\u00edvel, o cancro numa doen\u00e7a que \u00e9 uma doen\u00e7a cr\u00f3nica&#8221;.<\/p>\n<p>&#8220;Felizmente, dois ter\u00e7os das pessoas que t\u00eam cancro j\u00e1 n\u00e3o morrem de cancro. Portanto, \u00e9 um resultado muito bom&#8221;, descreveu o anfitri\u00e3o da iniciativa.<\/p>\n<p>Por outro lado, embora a palavra cancro continue &#8220;a ter uma resson\u00e2ncia em Portugal muito assustadora&#8221;, 70% das pessoas com cancro da mama &#8220;j\u00e1 n\u00e3o morrem de cancro da mama&#8221;.<\/p>\n<p data-remotead-prev-elm=\"true\" data-remotead-elm-id=\"centro2\">Na iniciativa &#8220;Tratar o Cancro por Tu&#8221;, pretende-se, por isso, falar sobre &#8220;muitas doen\u00e7as a que as pessoas chamam cancro&#8221; mas que pode ser tratada, &#8220;que vai ficar bem, que pode ficar curada ou, se n\u00e3o for curada, vai ser controlada&#8221;.<\/p>\n<p>Sobrinho Sim\u00f5es alerta que apenas se conseguem antecipar 40% dos casos de cancro com rastreio e, quanto aos restantes 60% dos casos, cada vez mais v\u00e3o aparecer situa\u00e7\u00f5es que se conseguem controlar.<\/p>\n<p>Outra coisa &#8220;em que se melhorou muito foi no rastreio&#8221;, mas a maior parte dos cancros (90%) &#8220;n\u00e3o s\u00e3o herdados dos pais&#8221;.<\/p>\n<p data-remotead-prev-elm=\"true\" data-remotead-elm-id=\"centro3\">&#8220;O cancro \u00e9 uma doen\u00e7a gen\u00e9tica, porque as c\u00e9lulas malignas t\u00eam altera\u00e7\u00f5es gen\u00e9ticas, mas na grande maioria dos casos n\u00e3o t\u00eam a ver com a pessoa, no sentido de herdarem essas altera\u00e7\u00f5es dos pais&#8221;, destacou. Em causa est\u00e3o, por exemplo, &#8220;altera\u00e7\u00f5es gen\u00e9ticas secund\u00e1rias de fumar&#8221;, j\u00e1 que &#8220;o tabaco induz muta\u00e7\u00f5es gen\u00e9ticas, mas n\u00e3o \u00e9 heredit\u00e1rio&#8221;.<\/p>\n<p>Com 24 sess\u00f5es realizadas que juntaram mais de 3500 participantes em 15 cidades, o Ipatimup arranca agora com uma nova edi\u00e7\u00e3o de &#8220;Tratar o Cancro por Tu&#8221;, com os temas a centrarem-se na preven\u00e7\u00e3o, dete\u00e7\u00e3o precoce e no tratamento de cancro.<\/p>\n","protected":false},"excerpt":{"rendered":"&#8220;Todos os anos, no mundo, aumenta muito o n\u00famero de cancros. Mas as pessoas que morrem por cancro&hellip;\n","protected":false},"author":2,"featured_media":225853,"comment_status":"","ping_status":"","sticky":false,"template":"","format":"standard","meta":{"footnotes":""},"categories":[85],"tags":[1207,114,115,43477,37938,619,32,33],"class_list":{"0":"post-225852","1":"post","2":"type-post","3":"status-publish","4":"format-standard","5":"has-post-thumbnail","7":"category-entretenimento","8":"tag-cancro","9":"tag-entertainment","10":"tag-entretenimento","11":"tag-ipatimup","12":"tag-manuel-sobrinho-simoes","13":"tag-nacional","14":"tag-portugal","15":"tag-pt"},"share_on_mastodon":{"url":"https:\/\/pubeurope.com\/@pt\/115881596832981475","error":""},"_links":{"self":[{"href":"https:\/\/www.europesays.com\/pt\/wp-json\/wp\/v2\/posts\/225852","targetHints":{"allow":["GET"]}}],"collection":[{"href":"https:\/\/www.europesays.com\/pt\/wp-json\/wp\/v2\/posts"}],"about":[{"href":"https:\/\/www.europesays.com\/pt\/wp-json\/wp\/v2\/types\/post"}],"author":[{"embeddable":true,"href":"https:\/\/www.europesays.com\/pt\/wp-json\/wp\/v2\/users\/2"}],"replies":[{"embeddable":true,"href":"https:\/\/www.europesays.com\/pt\/wp-json\/wp\/v2\/comments?post=225852"}],"version-history":[{"count":0,"href":"https:\/\/www.europesays.com\/pt\/wp-json\/wp\/v2\/posts\/225852\/revisions"}],"wp:featuredmedia":[{"embeddable":true,"href":"https:\/\/www.europesays.com\/pt\/wp-json\/wp\/v2\/media\/225853"}],"wp:attachment":[{"href":"https:\/\/www.europesays.com\/pt\/wp-json\/wp\/v2\/media?parent=225852"}],"wp:term":[{"taxonomy":"category","embeddable":true,"href":"https:\/\/www.europesays.com\/pt\/wp-json\/wp\/v2\/categories?post=225852"},{"taxonomy":"post_tag","embeddable":true,"href":"https:\/\/www.europesays.com\/pt\/wp-json\/wp\/v2\/tags?post=225852"}],"curies":[{"name":"wp","href":"https:\/\/api.w.org\/{rel}","templated":true}]}}