{"id":225854,"date":"2026-01-12T10:15:08","date_gmt":"2026-01-12T10:15:08","guid":{"rendered":"https:\/\/www.europesays.com\/pt\/225854\/"},"modified":"2026-01-12T10:15:08","modified_gmt":"2026-01-12T10:15:08","slug":"janeiro-ja-nao-e-apenas-o-mes-dos-saldos-nas-lojas-e-o-mes-dos-saldos-no-ceu","status":"publish","type":"post","link":"https:\/\/www.europesays.com\/pt\/225854\/","title":{"rendered":"Janeiro j\u00e1 n\u00e3o \u00e9 apenas o m\u00eas dos saldos nas lojas. \u00c9 o m\u00eas dos saldos no c\u00e9u"},"content":{"rendered":"<p>Houve um tempo em que janeiro era sin\u00f3nimo de ressaca financeira e aeroportos desertos. As fam\u00edlias recolhiam-se ap\u00f3s o Natal e o turismo entrava numa esp\u00e9cie de hiberna\u00e7\u00e3o at\u00e9 \u00e0 P\u00e1scoa. No in\u00edcio de 2026, por\u00e9m, o cen\u00e1rio mudou radicalmente. Basta abrir as redes sociais ou ir a um terminal de partidas para perceber que o primeiro m\u00eas do ano se tornou num per\u00edodo de alta rota\u00e7\u00e3o.<\/p>\n<p>Relat\u00f3rios recentes de plataformas como a\u00a0Skyscanner e a Expedia apontam para uma mudan\u00e7a estrutural no calend\u00e1rio tur\u00edstico. Trata-se de uma vingan\u00e7a de janeiro: de m\u00eas esquecido a favorito dos viajantes.<\/p>\n<p>A &#8220;janela de ouro&#8221; dos pre\u00e7os<\/p>\n<p>A principal raz\u00e3o \u00e9 puramente econ\u00f3mica. Os dados do Air Travel Outlook indicam que, historicamente, <strong>a segunda quinzena de janeiro oferece algumas das tarifas a\u00e9reas mais baixas do ano<\/strong>. Ap\u00f3s o pico inflacionado do fim de ano, a procura sofre uma quebra natural a partir do dia 10. Isso obriga as companhias a baixar pre\u00e7os para encher avi\u00f5es.<\/p>\n<p>Para o viajante portugu\u00eas, isto traduz-se em oportunidades raras. <strong>Voos para capitais europeias ou destinos de longo curso surgem com descontos significativos face aos valores da primavera<\/strong>. Quem tem flexibilidade para tirar f\u00e9rias agora est\u00e1 a comprar o mesmo destino por uma fra\u00e7\u00e3o do pre\u00e7o.<\/p>\n<p>A fuga ao calor (e \u00e0s multid\u00f5es)<\/p>\n<p>O segundo fator \u00e9 clim\u00e1tico. Com os ver\u00f5es no sul da Europa a tornarem-se cada vez mais t\u00f3rridos, surgiu a tend\u00eancia do Coolcationing (f\u00e9rias frescas). <strong>Muitos viajantes est\u00e3o a trocar intencionalmente as f\u00e9rias de julho pela frescura de janeiro<\/strong> para visitar cidades como Roma ou Atenas.<\/p>\n<p>\t\t<img decoding=\"async\" src=\"https:\/\/www.europesays.com\/pt\/wp-content\/uploads\/2026\/01\/1768212908_39_thumbs.web.sapo.io.webp\"  alt=\"Atenas, Gr\u00e9cia\" loading=\"true\"\/><\/p>\n<p>      Atenas, Gr\u00e9cia<br \/>\n      Cr\u00e9ditos: Constantinos Kollias | Unsplash<\/p>\n<p>Visitar estas metr\u00f3poles no inverno permite explorar museus e ru\u00ednas sem o suor e as filas intermin\u00e1veis do ver\u00e3o. <strong>O que se perde em dias de praia ganha-se em qualidade de vida<\/strong>. A cidade torna-se mais habit\u00e1vel e o contacto com os locais \u00e9 mais genu\u00edno.<\/p>\n<p>O efeito &#8220;n\u00f3mada digital&#8221;<\/p>\n<p>Por fim, h\u00e1 uma mudan\u00e7a social. <strong>Janeiro \u00e9 o m\u00eas das resolu\u00e7\u00f5es de ano novo<\/strong>. Para a crescente comunidade de trabalhadores remotos, este \u00e9 o momento de iniciar novos projetos de vida noutro lugar.<\/p>\n<p>Dados da plataforma Nomad List mostram frequentemente picos de tr\u00e1fego no in\u00edcio do ano. S\u00e3o profissionais que aproveitam o recome\u00e7o do calend\u00e1rio para se mudarem para destinos como a Madeira ou as Can\u00e1rias, fugindo ao inverno rigoroso do norte da Europa.<\/p>\n<p><strong>Janeiro oferece hoje o equil\u00edbrio que agosto perdeu<\/strong>. Tem pre\u00e7os acess\u00edveis e um clima ger\u00edvel. Se est\u00e1 a pensar marcar viagem, a altura \u00e9 agora. A &#8220;\u00e9poca baixa&#8221; est\u00e1 a ficar cada vez mais curta.<\/p>\n<p><strong>Notas sobre os dados usados:<\/strong><\/p>\n<p><strong>1.<\/strong> A refer\u00eancia \u00e0 &#8220;segunda quinzena&#8221; baseia-se no padr\u00e3o anual reportado pela Skyscanner (Travel Trends) e Hopper, que identificam consistentemente as semanas 3 e 4 de janeiro como o &#8220;fundo&#8221; da curva de pre\u00e7os.<\/p>\n<p><strong>2. <\/strong>O conceito de Coolcationing foi uma das grandes tend\u00eancias identificadas pela <strong>Cond\u00e9 Nast Traveler <\/strong>e pela <strong>Forbes<\/strong> para 2025\/2026.<\/p>\n","protected":false},"excerpt":{"rendered":"Houve um tempo em que janeiro era sin\u00f3nimo de ressaca financeira e aeroportos desertos. As fam\u00edlias recolhiam-se ap\u00f3s&hellip;\n","protected":false},"author":2,"featured_media":225855,"comment_status":"","ping_status":"","sticky":false,"template":"","format":"standard","meta":{"footnotes":""},"categories":[50],"tags":[27,28,15,16,14,25,26,21,22,62,12,13,19,20,23,24,17,18,29,30,31,63,64,65],"class_list":{"0":"post-225854","1":"post","2":"type-post","3":"status-publish","4":"format-standard","5":"has-post-thumbnail","7":"category-mundo","8":"tag-breaking-news","9":"tag-breakingnews","10":"tag-featured-news","11":"tag-featurednews","12":"tag-headlines","13":"tag-latest-news","14":"tag-latestnews","15":"tag-main-news","16":"tag-mainnews","17":"tag-mundo","18":"tag-news","19":"tag-noticias","20":"tag-noticias-principais","21":"tag-noticiasprincipais","22":"tag-principais-noticias","23":"tag-principaisnoticias","24":"tag-top-stories","25":"tag-topstories","26":"tag-ultimas","27":"tag-ultimas-noticias","28":"tag-ultimasnoticias","29":"tag-world","30":"tag-world-news","31":"tag-worldnews"},"share_on_mastodon":{"url":"https:\/\/pubeurope.com\/@pt\/115881608729725388","error":""},"_links":{"self":[{"href":"https:\/\/www.europesays.com\/pt\/wp-json\/wp\/v2\/posts\/225854","targetHints":{"allow":["GET"]}}],"collection":[{"href":"https:\/\/www.europesays.com\/pt\/wp-json\/wp\/v2\/posts"}],"about":[{"href":"https:\/\/www.europesays.com\/pt\/wp-json\/wp\/v2\/types\/post"}],"author":[{"embeddable":true,"href":"https:\/\/www.europesays.com\/pt\/wp-json\/wp\/v2\/users\/2"}],"replies":[{"embeddable":true,"href":"https:\/\/www.europesays.com\/pt\/wp-json\/wp\/v2\/comments?post=225854"}],"version-history":[{"count":0,"href":"https:\/\/www.europesays.com\/pt\/wp-json\/wp\/v2\/posts\/225854\/revisions"}],"wp:featuredmedia":[{"embeddable":true,"href":"https:\/\/www.europesays.com\/pt\/wp-json\/wp\/v2\/media\/225855"}],"wp:attachment":[{"href":"https:\/\/www.europesays.com\/pt\/wp-json\/wp\/v2\/media?parent=225854"}],"wp:term":[{"taxonomy":"category","embeddable":true,"href":"https:\/\/www.europesays.com\/pt\/wp-json\/wp\/v2\/categories?post=225854"},{"taxonomy":"post_tag","embeddable":true,"href":"https:\/\/www.europesays.com\/pt\/wp-json\/wp\/v2\/tags?post=225854"}],"curies":[{"name":"wp","href":"https:\/\/api.w.org\/{rel}","templated":true}]}}