{"id":225861,"date":"2026-01-12T10:21:04","date_gmt":"2026-01-12T10:21:04","guid":{"rendered":"https:\/\/www.europesays.com\/pt\/225861\/"},"modified":"2026-01-12T10:21:04","modified_gmt":"2026-01-12T10:21:04","slug":"vem-ai-em-terra-forte-cobra-abre-o-coracao-a-sammy-sobre-o-que-sente-por-maria-de-fatima-novelas","status":"publish","type":"post","link":"https:\/\/www.europesays.com\/pt\/225861\/","title":{"rendered":"Vem a\u00ed em \u00abTerra Forte\u00bb: Cobra abre o cora\u00e7\u00e3o a Sammy sobre o que sente por Maria de F\u00e1tima &#8211; Novelas"},"content":{"rendered":"<p>Em \u00abTerra Forte\u00bb, <a href=\"https:\/\/tvi.iol.pt\/novelas\/videos\/terra-forte-maria-de-fatima-e-cobra-sao-cumplices-em-varios-crimes\/6900dcc00cf29d28d82991f2\" rel=\"nofollow noopener\" target=\"_blank\">Cobra (Ricardo Burgos)<\/a>\u00a0diz a <a href=\"https:\/\/tvi.iol.pt\/novelas\/videos\/terra-forte-sammy-fica-sem-chao-ao-descobrir-que-flor-e-a-mae-de-rosinha\/68f7b83e0cf29d28d8297a75\" rel=\"nofollow noopener\" target=\"_blank\">Sammy (Jos\u00e9 Fidalgo)<\/a>\u00a0saber bem o que \u00e9 sofrer por amor, contando que tem s\u00e9rias suspeitas que a mulher com quem anda \u00e9 mesmo apaixonada pelo marido e nunca querer\u00e1 ficar com ele, sendo o caso ainda mais grave por lhe ter preparado uma armadilha de lhe arranjar outro homem e ela estar a parecer querer envolver-se com ele.<\/p>\n<p>Cobra diz a Sammy que a mulher com quem anda lhe deve tudo o que \u00e9 hoje, n\u00e3o suportando por isso a ideia de ela n\u00e3o gostar dele verdadeiramente, j\u00e1 nem sabendo bem definir o que sente por ela. Sammy aconselha o amigo a tentar encontrar outra pessoa. Cobra fica pensativo.\u00a0<\/p>\n<p>Relembramos que Sammy n\u00e3o sabe que Cobra est\u00e1 a falar da sua mulher:<\/p>\n","protected":false},"excerpt":{"rendered":"Em \u00abTerra Forte\u00bb, Cobra (Ricardo Burgos)\u00a0diz a Sammy (Jos\u00e9 Fidalgo)\u00a0saber bem o que \u00e9 sofrer por amor, contando&hellip;\n","protected":false},"author":2,"featured_media":225862,"comment_status":"","ping_status":"","sticky":false,"template":"","format":"standard","meta":{"footnotes":""},"categories":[142],"tags":[160,12623,166,114,115,157,167,164,8598,161,158,165,159,32,33,156,31381,26751,18614,163,151,162],"class_list":{"0":"post-225861","1":"post","2":"type-post","3":"status-publish","4":"format-standard","5":"has-post-thumbnail","7":"category-tv","8":"tag-ana-guiomar","9":"tag-cobra","10":"tag-cristina-ferreira","11":"tag-entertainment","12":"tag-entretenimento","13":"tag-festa-e-festa","14":"tag-ficcao","15":"tag-jose-fidalgo","16":"tag-maria-de-fatima","17":"tag-novelas","18":"tag-para-sempre","19":"tag-pedro-sousa","20":"tag-pedro-teixeira","21":"tag-portugal","22":"tag-pt","23":"tag-queridos-papas","24":"tag-ricardo-burgos","25":"tag-sammy","26":"tag-terra-forte","27":"tag-tiago-teotonio-pereira","28":"tag-tv","29":"tag-tvi"},"share_on_mastodon":{"url":"https:\/\/pubeurope.com\/@pt\/115881632255972869","error":""},"_links":{"self":[{"href":"https:\/\/www.europesays.com\/pt\/wp-json\/wp\/v2\/posts\/225861","targetHints":{"allow":["GET"]}}],"collection":[{"href":"https:\/\/www.europesays.com\/pt\/wp-json\/wp\/v2\/posts"}],"about":[{"href":"https:\/\/www.europesays.com\/pt\/wp-json\/wp\/v2\/types\/post"}],"author":[{"embeddable":true,"href":"https:\/\/www.europesays.com\/pt\/wp-json\/wp\/v2\/users\/2"}],"replies":[{"embeddable":true,"href":"https:\/\/www.europesays.com\/pt\/wp-json\/wp\/v2\/comments?post=225861"}],"version-history":[{"count":0,"href":"https:\/\/www.europesays.com\/pt\/wp-json\/wp\/v2\/posts\/225861\/revisions"}],"wp:featuredmedia":[{"embeddable":true,"href":"https:\/\/www.europesays.com\/pt\/wp-json\/wp\/v2\/media\/225862"}],"wp:attachment":[{"href":"https:\/\/www.europesays.com\/pt\/wp-json\/wp\/v2\/media?parent=225861"}],"wp:term":[{"taxonomy":"category","embeddable":true,"href":"https:\/\/www.europesays.com\/pt\/wp-json\/wp\/v2\/categories?post=225861"},{"taxonomy":"post_tag","embeddable":true,"href":"https:\/\/www.europesays.com\/pt\/wp-json\/wp\/v2\/tags?post=225861"}],"curies":[{"name":"wp","href":"https:\/\/api.w.org\/{rel}","templated":true}]}}