{"id":225874,"date":"2026-01-12T10:31:15","date_gmt":"2026-01-12T10:31:15","guid":{"rendered":"https:\/\/www.europesays.com\/pt\/225874\/"},"modified":"2026-01-12T10:31:15","modified_gmt":"2026-01-12T10:31:15","slug":"combatentes-curdos-aceitam-retirada-da-cidade-siria-de-alepo","status":"publish","type":"post","link":"https:\/\/www.europesays.com\/pt\/225874\/","title":{"rendered":"Combatentes curdos aceitam retirada da cidade s\u00edria de Alepo"},"content":{"rendered":"<p>&#13;<br \/>\n&#8220;Cheg\u00e1mos a um acordo que levou a um cessar-fogo e permitiu a retirada de m\u00e1rtires, feridos, civis presos e combatentes dos distritos de Ashrafieh e Sheikh Maqsoud para o norte e leste da S\u00edria&#8221;, afirmaram as HSD, em comunicado.&#13;\n<\/p>\n<p>&#13;<br \/>\nA ag\u00eancia de not\u00edcias oficial s\u00edria SANA confirmou que &#8220;autocarros que transportavam o \u00faltimo grupo de membros das HSD sa\u00edram do distrito de Sheikh Maqsoud, em Alepo, em dire\u00e7\u00e3o ao nordeste da S\u00edria&#8221;.&#13;\n<\/p>\n<p>&#13;<br \/>\nOs confrontos, os mais violentos em Alepo desde a queda de Bashar al-Assad, em dezembro de 2024, causaram a morte de pelo menos 21 civis desde ter\u00e7a-feira e obrigaram \u00e0 fuga de aproximadamente 155 mil pessoas, segundo dados oficiais.&#13;\n<\/p>\n<p>&#13;<br \/>\nA retirada dos combatentes foi realizada &#8220;gra\u00e7as \u00e0 media\u00e7\u00e3o de atores internacionais para p\u00f4r fim aos ataques e viola\u00e7\u00f5es cometidos contra o nosso povo em Alepo&#8221;, declararam as HSD, que denunciaram desloca\u00e7\u00f5es for\u00e7adas e raptos de civis. &#13;\n<\/p>\n<p>&#13;<br \/>\nOs Estados Unidos e a Uni\u00e3o Europeia pediram no s\u00e1bado ao ex\u00e9rcito da S\u00edria e \u00e0s mil\u00edcias das HSD para cessarem imediatamente as hostilidades em Alepo e retomarem &#8220;urgentemente o di\u00e1logo pol\u00edtico&#8221;.&#13;\n<\/p>\n<p>&#13;<br \/>\nNo s\u00e1bado, as autoridades s\u00edrias anunciaram estar a transferir combatentes entrincheirados no bairro curdo de Sheikh Maqsoud, em Alepo, para a zona aut\u00f3noma curda mais a leste, depois de terem assumido o controlo do bairro.&#13;\n<\/p>\n<p>&#13;<br \/>\nA televis\u00e3o estatal s\u00edria indicou que &#8220;combatentes estavam a ser transferidos de autocarro&#8221; para o nordeste.&#13;\n<\/p>\n<p>&#13;<br \/>\nOs bairros de Sheikh Maqsud e de Ashrafieh t\u00eam sido, nos \u00faltimos dias, palco de sangrentos combates entre as for\u00e7as governamentais e as mil\u00edcias das HSD e da for\u00e7a curda Asayish. &#13;\n<\/p>\n<p>&#13;<br \/>\n&#8220;Trata-se de uma opera\u00e7\u00e3o limitada e espec\u00edfica, com um \u00e2mbito e objetivos restritos&#8221;, assegurou o Minist\u00e9rio dos Neg\u00f3cios Estrangeiros da S\u00edria, em comunicado.&#13;\n<\/p>\n<p>&#13;<br \/>\nO minist\u00e9rio acusou as Unidades de Prote\u00e7\u00e3o Popular (YPG, a espinha dorsal das HSD) de &#8220;viola\u00e7\u00f5es repetidas dos acordos de seguran\u00e7a&#8221; inicialmente assinados com o Governo s\u00edrio em abril de 2015.&#13;\n<\/p>\n<p>&#13;<br \/>\nAs HSD e a autoridade pol\u00edtica do nordeste da S\u00edria, por outro lado, acusaram Damasco de n\u00e3o terem feito o m\u00ednimo esfor\u00e7o para satisfazer as suas exig\u00eancias de federa\u00e7\u00e3o.&#13;\n<\/p>\n<p>&#13;<br \/>\nOs confrontos come\u00e7aram no in\u00edcio desta semana, depois de o l\u00edder das HSD, Mazlum Abdi, se ter reunido em Damasco com as autoridades governamentais no \u00e2mbito das negocia\u00e7\u00f5es para integrar as for\u00e7as da alian\u00e7a curda s\u00edria no ex\u00e9rcito do pa\u00eds, medida que era suposto ter acontecido at\u00e9 final de 2025.&#13;\n<\/p>\n<p>&#13;<br \/>\nA medida faz parte de um acordo assinado a 10 de mar\u00e7o entre Damasco e os curdos s\u00edrios para as autoproclamadas zonas aut\u00f3nomas no nordeste da S\u00edria, mas o processo tem sofrido v\u00e1rios contratempos e est\u00e1 atualmente num impasse.&#13;<\/p>\n","protected":false},"excerpt":{"rendered":"&#13; &#8220;Cheg\u00e1mos a um acordo que levou a um cessar-fogo e permitiu a retirada de m\u00e1rtires, feridos, civis&hellip;\n","protected":false},"author":2,"featured_media":225875,"comment_status":"","ping_status":"","sticky":false,"template":"","format":"standard","meta":{"footnotes":""},"categories":[8],"tags":[43483,40089,27,28,43482,15,16,14,43481,25,26,21,22,12,13,19,20,32,23,24,33,43480,20900,17,18,29,30,31],"class_list":{"0":"post-225874","1":"post","2":"type-post","3":"status-publish","4":"format-standard","5":"has-post-thumbnail","7":"category-principais-noticias","8":"tag-ashrafieh","9":"tag-bashar","10":"tag-breaking-news","11":"tag-breakingnews","12":"tag-democraticas","13":"tag-featured-news","14":"tag-featurednews","15":"tag-headlines","16":"tag-hsd","17":"tag-latest-news","18":"tag-latestnews","19":"tag-main-news","20":"tag-mainnews","21":"tag-news","22":"tag-noticias","23":"tag-noticias-principais","24":"tag-noticiasprincipais","25":"tag-portugal","26":"tag-principais-noticias","27":"tag-principaisnoticias","28":"tag-pt","29":"tag-sheikh-maqsoud","30":"tag-siria","31":"tag-top-stories","32":"tag-topstories","33":"tag-ultimas","34":"tag-ultimas-noticias","35":"tag-ultimasnoticias"},"share_on_mastodon":{"url":"https:\/\/pubeurope.com\/@pt\/115881671667586721","error":""},"_links":{"self":[{"href":"https:\/\/www.europesays.com\/pt\/wp-json\/wp\/v2\/posts\/225874","targetHints":{"allow":["GET"]}}],"collection":[{"href":"https:\/\/www.europesays.com\/pt\/wp-json\/wp\/v2\/posts"}],"about":[{"href":"https:\/\/www.europesays.com\/pt\/wp-json\/wp\/v2\/types\/post"}],"author":[{"embeddable":true,"href":"https:\/\/www.europesays.com\/pt\/wp-json\/wp\/v2\/users\/2"}],"replies":[{"embeddable":true,"href":"https:\/\/www.europesays.com\/pt\/wp-json\/wp\/v2\/comments?post=225874"}],"version-history":[{"count":0,"href":"https:\/\/www.europesays.com\/pt\/wp-json\/wp\/v2\/posts\/225874\/revisions"}],"wp:featuredmedia":[{"embeddable":true,"href":"https:\/\/www.europesays.com\/pt\/wp-json\/wp\/v2\/media\/225875"}],"wp:attachment":[{"href":"https:\/\/www.europesays.com\/pt\/wp-json\/wp\/v2\/media?parent=225874"}],"wp:term":[{"taxonomy":"category","embeddable":true,"href":"https:\/\/www.europesays.com\/pt\/wp-json\/wp\/v2\/categories?post=225874"},{"taxonomy":"post_tag","embeddable":true,"href":"https:\/\/www.europesays.com\/pt\/wp-json\/wp\/v2\/tags?post=225874"}],"curies":[{"name":"wp","href":"https:\/\/api.w.org\/{rel}","templated":true}]}}