{"id":225878,"date":"2026-01-12T10:35:28","date_gmt":"2026-01-12T10:35:28","guid":{"rendered":"https:\/\/www.europesays.com\/pt\/225878\/"},"modified":"2026-01-12T10:35:28","modified_gmt":"2026-01-12T10:35:28","slug":"de-agatha-christie-a-stranger-things-as-series-e-filmes-a-nao-perder-esta-semana-na-netflix","status":"publish","type":"post","link":"https:\/\/www.europesays.com\/pt\/225878\/","title":{"rendered":"De Agatha Christie a Stranger Things, as s\u00e9ries e filmes a n\u00e3o perder esta semana na Netflix"},"content":{"rendered":"<p>J\u00e1 passou a az\u00e1fama das festividades. Assim, est\u00e1 na hora de sentar um bocadinho no sof\u00e1 e aproveitar o tempo para ver as novidades da semana na Netflix. Ainda para mais, com o frio e mau tempo, o que sabe bem \u00e9 estar em casa com a lareira acesa, mantinha e pipocas.<\/p>\n<p>Nesse sentido, se tens andado fora do radar das novidades, estas s\u00e3o tr\u00eas novas produ\u00e7\u00f5es da Netflix que n\u00e3o podes perder esta semana. Agatha Christie chega \u00e0 Netflix com uma nova adapta\u00e7\u00e3o de um dos seus famosos mist\u00e9rios.<\/p>\n<p>A \u00faltima temporada de \u201c<a href=\"https:\/\/www.magazine-hd.com\/apps\/wp\/stranger-things-nova-temporada-analise-millie-bobby-brown-sadie-sink\/\" target=\"_blank\" rel=\"noopener nofollow\">Stranger Things<\/a>\u201d j\u00e1 terminou, no entanto, os Duffer Brothers surpreenderam os f\u00e3s com um document\u00e1rio com o behind the scenes da temporada cinco. Por fim Matt Damon e Ben Affleck voltam a juntar-se para um novo thriller, com muita a\u00e7\u00e3o.<\/p>\n<p>Os Sete Rel\u00f3gios de Agatha Christie \u2013 15 de janeiro<\/p>\n<p>\u00c9 j\u00e1 no dia 15 de janeiro que chega \u00e0 Netflix a nova adapta\u00e7\u00e3o da rainha dos Murder Mysteries, <a href=\"https:\/\/www.magazine-hd.com\/apps\/wp\/agatha-christie-aniversario-4-filmes\/\" target=\"_blank\" rel=\"noopener nofollow\">Agatha Christie<\/a>. Desta vez em formato s\u00e9rie, em \u201cOs Sete Rel\u00f3gios\u201d acompanhamos uma jovem aristocrata que tenta descobrir a verdade sobre um crime que acontece durante uma festa luxuosa numa casa de campo.<\/p>\n<p>Pub<br \/>\n<a href=\"https:\/\/bit.ly\/48vAYm7\" target=\"_blank\" rel=\"nofollow noopener\">&#13;<br \/>\n  <img loading=\"lazy\" decoding=\"async\" width=\"970\" height=\"250\" src=\"data:image\/svg+xml,%3Csvg%20xmlns=\" http:=\"\" alt=\"Ad Banner\" style=\"width:970px; height:auto; border:0; cursor:pointer;\" data-lazy-src=\"https:\/\/www.europesays.com\/pt\/wp-content\/uploads\/2025\/12\/1765739351_336_ajasom-bb-02-pmc.jpg\"\/>&#13;<br \/>\n<\/a><\/p>\n<p>O elenco desta nova s\u00e9rie conta com v\u00e1rios atores muito conhecidos, por exemplo Mia McKenna-Bruce, Edward Bluemel, Corey Mylchreest, Helena Bonham Carter e Martin Freeman.<\/p>\n<p>No que toca a mist\u00e9rio e crime, as expectativas para as produ\u00e7\u00f5es inspiradas em livros de Agatha Christie s\u00e3o sempre grandes. Ao somar todas as suas obras, os livros de Agatha Christie j\u00e1 venderam mais de dois bili\u00f5es de c\u00f3pias.<\/p>\n<p>Uma \u00daltima Aventura \u2013 12 de janeiro<br \/>\n<img loading=\"lazy\" decoding=\"async\" class=\"size-full wp-image-750695\" src=\"data:image\/svg+xml,%3Csvg%20xmlns=\" http:=\"\" alt=\"Stranger Things \u00faltima temporada\" width=\"728\" height=\"385\" data-lazy- data-lazy- data-lazy-src=\"https:\/\/www.europesays.com\/pt\/wp-content\/uploads\/2026\/01\/strangerthings5.webp.webp\"\/>Photo by COURTESY OF NETFLIX\/Courtesy of Netflix\/Netflix \u00a9 2025 \u2013 \u00a9 2025 Netflix, Inc.<\/p>\n<p>A 12 de janeiro os Duffer Brothers regressam \u00e0 Netflix para um document\u00e1rio de desvenda os bastidores da \u00faltima temporada de \u201c<a href=\"https:\/\/www.magazine-hd.com\/apps\/wp\/stranger-things-final-eleven-millie-bobby-brown\/\" target=\"_blank\" rel=\"noopener nofollow\">Stranger Things<\/a>\u201d. Acompanhamos os anos de esfor\u00e7o, dedica\u00e7\u00e3o e trabalho por detr\u00e1s da quinta temporada desta s\u00e9rie fen\u00f3meno.<\/p>\n<p>Com estreia em 2016, ao longo de dez anos conhecemos a hist\u00f3ria deste grupo de amigos em Hawkins que luta contra um mal que os assombra durante as v\u00e1rias temporadas. Assim, esta foi uma <a href=\"https:\/\/www.magazine-hd.com\/apps\/wp\/stranger-things-tera-ou-nao-um-novo-episodio\/\" target=\"_blank\" rel=\"noopener nofollow\">s\u00e9rie<\/a> que marcou uma gera\u00e7\u00e3o e lan\u00e7ou talentos como Millie Bobby Brown, Joseph Quinn, Sadie Sink, Gatten Matarazzo e Maya Hawke.<\/p>\n<p>The Rip \u2013 16 de janeiro<\/p>\n<p>Por fim, destacamos \u201cThe Rip\u201d. Este novo filme da Netflix volta a juntar os amigos e colegas de trabalho de longa data Matt Damon e Ben Affleck. Esta dupla j\u00e1 trabalhou em conjunto em certa de 14 filmes, seja \u00e0 frente ou atr\u00e1s das c\u00e2maras. Nomeadamente em filmes como \u201cGood Will Hunting\u201d (1997), \u201cThe Last Duel\u201d (2021) e Air (2023).<\/p>\n<p>Assim, \u201cThe Rip\u201d acompanha a equipa da pol\u00edcia de Miami que encontra milhares de d\u00f3lares escondidos num edif\u00edcio degradado. Esta descoberta coloca a equipa em causa, causando alvoro\u00e7o e desconfian\u00e7a no grupo.<\/p>\n<p>O novo filme estreia na Netflix a 16 de janeiro e al\u00e9m de contar com Matt Damon e Ben Affleck tamb\u00e9m tem Sasha Calle, Scott Adkins, Teyana Taylor, Steven Yeun e Kyle Chandler no elenco.<\/p>\n<p>\n        About The Author<\/p>\n<p>                <a href=\"https:\/\/www.magazine-hd.com\/apps\/wp\/author\/msousa\/\" rel=\"nofollow noopener\" target=\"_blank\"><img loading=\"lazy\" decoding=\"async\" width=\"150\" height=\"150\" src=\"data:image\/svg+xml,%3Csvg%20xmlns=\" http:=\"\" class=\"avatar avatar-150 photo\" alt=\"\" data-lazy- data-lazy- data-lazy-src=\"https:\/\/www.europesays.com\/pt\/wp-content\/uploads\/2025\/09\/ms-perfil-150x150.webp.webp\"\/><\/a><\/p>\n<p>                    <a href=\"https:\/\/www.magazine-hd.com\/apps\/wp\/author\/msousa\/\" rel=\"nofollow noopener\" target=\"_blank\">Matilde Sousa<\/a><\/p>\n<p>Licenciada em Jornalismo pela Escola Superior de Comunica\u00e7\u00e3o Social e especializada em gest\u00e3o de redes sociais. Fundadora e CEO do Ateli\u00ea Digital Hephae Digital, e criadora do blog \u201cLa La Land\u201d sobre cinema e literatura. Atualmente \u00e9 tamb\u00e9m editora na MHD \u2013 Magazine.HD, com uma grande paix\u00e3o pela \u00e1rea de cinema e s\u00e9ries.<\/p>\n<p>\t\t<\/p>\n","protected":false},"excerpt":{"rendered":"J\u00e1 passou a az\u00e1fama das festividades. Assim, est\u00e1 na hora de sentar um bocadinho no sof\u00e1 e aproveitar&hellip;\n","protected":false},"author":2,"featured_media":225879,"comment_status":"","ping_status":"","sticky":false,"template":"","format":"standard","meta":{"footnotes":""},"categories":[142],"tags":[19327,18248,114,115,4005,716,43484,32,33,1611,18255,151],"class_list":{"0":"post-225878","1":"post","2":"type-post","3":"status-publish","4":"format-standard","5":"has-post-thumbnail","7":"category-tv","8":"tag-agatha-christie","9":"tag-ben-affleck","10":"tag-entertainment","11":"tag-entretenimento","12":"tag-matt-damon","13":"tag-netflix","14":"tag-os-sete-relogios-de-agatha-christie","15":"tag-portugal","16":"tag-pt","17":"tag-stranger-things","18":"tag-the-rip","19":"tag-tv"},"share_on_mastodon":{"url":"https:\/\/pubeurope.com\/@pt\/115881687293212879","error":""},"_links":{"self":[{"href":"https:\/\/www.europesays.com\/pt\/wp-json\/wp\/v2\/posts\/225878","targetHints":{"allow":["GET"]}}],"collection":[{"href":"https:\/\/www.europesays.com\/pt\/wp-json\/wp\/v2\/posts"}],"about":[{"href":"https:\/\/www.europesays.com\/pt\/wp-json\/wp\/v2\/types\/post"}],"author":[{"embeddable":true,"href":"https:\/\/www.europesays.com\/pt\/wp-json\/wp\/v2\/users\/2"}],"replies":[{"embeddable":true,"href":"https:\/\/www.europesays.com\/pt\/wp-json\/wp\/v2\/comments?post=225878"}],"version-history":[{"count":0,"href":"https:\/\/www.europesays.com\/pt\/wp-json\/wp\/v2\/posts\/225878\/revisions"}],"wp:featuredmedia":[{"embeddable":true,"href":"https:\/\/www.europesays.com\/pt\/wp-json\/wp\/v2\/media\/225879"}],"wp:attachment":[{"href":"https:\/\/www.europesays.com\/pt\/wp-json\/wp\/v2\/media?parent=225878"}],"wp:term":[{"taxonomy":"category","embeddable":true,"href":"https:\/\/www.europesays.com\/pt\/wp-json\/wp\/v2\/categories?post=225878"},{"taxonomy":"post_tag","embeddable":true,"href":"https:\/\/www.europesays.com\/pt\/wp-json\/wp\/v2\/tags?post=225878"}],"curies":[{"name":"wp","href":"https:\/\/api.w.org\/{rel}","templated":true}]}}