{"id":225886,"date":"2026-01-12T10:43:13","date_gmt":"2026-01-12T10:43:13","guid":{"rendered":"https:\/\/www.europesays.com\/pt\/225886\/"},"modified":"2026-01-12T10:43:13","modified_gmt":"2026-01-12T10:43:13","slug":"gronelandia-ja-foi-portuguesa","status":"publish","type":"post","link":"https:\/\/www.europesays.com\/pt\/225886\/","title":{"rendered":"Gronel\u00e2ndia j\u00e1 foi portuguesa?"},"content":{"rendered":"<p id=\"s-p-embed-6963\" data-start=\"1396\" data-end=\"1608\" data-is-last-node=\"\" data-is-only-node=\"\">A ideia de que a Gronel\u00e2ndia teria pertencido a Portugal volta e meia reaparece em debates online, v\u00eddeos virais e publica\u00e7\u00f5es em redes sociais. Apesar da popularidade do tema, historiadores s\u00e3o claros: n\u00e3o h\u00e1 provas de que a Gronel\u00e2ndia tenha sido territ\u00f3rio portugu\u00eas.<\/p>\n<p>A confus\u00e3o tem origem nas grandes navega\u00e7\u00f5es dos s\u00e9culos XV e XVI. Registos hist\u00f3ricos indicam que navegadores portugueses, como Jo\u00e3o Fernandes Labrador e os irm\u00e3os Gaspar e Miguel Corte-Real, exploraram \u00e1reas do Atl\u00e2ntico Norte, incluindo regi\u00f5es hoje associadas ao Canad\u00e1 e possivelmente zonas pr\u00f3ximas da Gronel\u00e2ndia. Esses contactos alimentaram a tese de uma presen\u00e7a lusa mais ampla no \u00c1rtico.<\/p>\n<p>\t\t<img decoding=\"async\" src=\"https:\/\/www.europesays.com\/pt\/wp-content\/uploads\/2026\/01\/1768214593_787_thumbs.web.sapo.io.webp\"  loading=\"true\"\/><\/p>\n<p> Screenshot <\/p>\n<p>No entanto, presen\u00e7a ou explora\u00e7\u00e3o n\u00e3o equivale a soberania. Desde a Idade M\u00e9dia, a Gronel\u00e2ndia esteve ligada aos povos n\u00f3rdicos, inicialmente sob a \u00f3rbita do Reino da Noruega e, mais tarde, da Dinamarca, pa\u00eds ao qual permanece associada at\u00e9 hoje como territ\u00f3rio aut\u00f3nomo.<\/p>\n<p>Especialistas explicam que Portugal, embora tenha sido uma pot\u00eancia mar\u00edtima de relevo, n\u00e3o estabeleceu administra\u00e7\u00e3o, coloniza\u00e7\u00e3o permanente ou reconhecimento internacional sobre a Gronel\u00e2ndia. \u201c\u00c9 um mito recorrente, baseado em viagens de explora\u00e7\u00e3o e mapas antigos, mas sem sustenta\u00e7\u00e3o jur\u00eddica ou pol\u00edtica\u201d, afirma a historiografia dominante.<\/p>\n<p>Assim, embora navegadores portugueses possam ter passado por mares gelados do norte, a afirma\u00e7\u00e3o de que a Gronel\u00e2ndia \u201cj\u00e1 foi portuguesa\u201d permanece no campo da curiosidade hist\u00f3rica \u2014 mais lenda do que facto.<\/p>\n","protected":false},"excerpt":{"rendered":"A ideia de que a Gronel\u00e2ndia teria pertencido a Portugal volta e meia reaparece em debates online, v\u00eddeos&hellip;\n","protected":false},"author":2,"featured_media":225887,"comment_status":"","ping_status":"","sticky":false,"template":"","format":"standard","meta":{"footnotes":""},"categories":[50],"tags":[27,28,15,16,14,25,26,21,22,62,12,13,19,20,23,24,17,18,29,30,31,63,64,65],"class_list":{"0":"post-225886","1":"post","2":"type-post","3":"status-publish","4":"format-standard","5":"has-post-thumbnail","7":"category-mundo","8":"tag-breaking-news","9":"tag-breakingnews","10":"tag-featured-news","11":"tag-featurednews","12":"tag-headlines","13":"tag-latest-news","14":"tag-latestnews","15":"tag-main-news","16":"tag-mainnews","17":"tag-mundo","18":"tag-news","19":"tag-noticias","20":"tag-noticias-principais","21":"tag-noticiasprincipais","22":"tag-principais-noticias","23":"tag-principaisnoticias","24":"tag-top-stories","25":"tag-topstories","26":"tag-ultimas","27":"tag-ultimas-noticias","28":"tag-ultimasnoticias","29":"tag-world","30":"tag-world-news","31":"tag-worldnews"},"share_on_mastodon":{"url":"https:\/\/pubeurope.com\/@pt\/115881718837728755","error":""},"_links":{"self":[{"href":"https:\/\/www.europesays.com\/pt\/wp-json\/wp\/v2\/posts\/225886","targetHints":{"allow":["GET"]}}],"collection":[{"href":"https:\/\/www.europesays.com\/pt\/wp-json\/wp\/v2\/posts"}],"about":[{"href":"https:\/\/www.europesays.com\/pt\/wp-json\/wp\/v2\/types\/post"}],"author":[{"embeddable":true,"href":"https:\/\/www.europesays.com\/pt\/wp-json\/wp\/v2\/users\/2"}],"replies":[{"embeddable":true,"href":"https:\/\/www.europesays.com\/pt\/wp-json\/wp\/v2\/comments?post=225886"}],"version-history":[{"count":0,"href":"https:\/\/www.europesays.com\/pt\/wp-json\/wp\/v2\/posts\/225886\/revisions"}],"wp:featuredmedia":[{"embeddable":true,"href":"https:\/\/www.europesays.com\/pt\/wp-json\/wp\/v2\/media\/225887"}],"wp:attachment":[{"href":"https:\/\/www.europesays.com\/pt\/wp-json\/wp\/v2\/media?parent=225886"}],"wp:term":[{"taxonomy":"category","embeddable":true,"href":"https:\/\/www.europesays.com\/pt\/wp-json\/wp\/v2\/categories?post=225886"},{"taxonomy":"post_tag","embeddable":true,"href":"https:\/\/www.europesays.com\/pt\/wp-json\/wp\/v2\/tags?post=225886"}],"curies":[{"name":"wp","href":"https:\/\/api.w.org\/{rel}","templated":true}]}}