{"id":225888,"date":"2026-01-12T10:44:10","date_gmt":"2026-01-12T10:44:10","guid":{"rendered":"https:\/\/www.europesays.com\/pt\/225888\/"},"modified":"2026-01-12T10:44:10","modified_gmt":"2026-01-12T10:44:10","slug":"campanha-para-as-eleicoes-presidenciais-entra-na-reta-final","status":"publish","type":"post","link":"https:\/\/www.europesays.com\/pt\/225888\/","title":{"rendered":"Campanha para as elei\u00e7\u00f5es presidenciais entra na reta final"},"content":{"rendered":"<p>                O interior do pa\u00eds \u00e9 a escolha da maioria dos candidatos \u00e0s elei\u00e7\u00f5es presidenciais esta segunda-feira, dia que marca o arranque das caravanas para a reta final da campanha.<\/p>\n<p><b>No domingo, dia de voto antecipado, foram j\u00e1 \u00e0s urnas em Lisboa perto de 80 por cento dos eleitores inscritos<\/b>. S\u00f3 na capital votaram mais de 27 mil pessoas.<\/p>\n<p>          <img decoding=\"async\" itemprop=\"image\" class=\"img-fluid\"   src=\"https:\/\/www.europesays.com\/pt\/wp-content\/uploads\/2026\/01\/1faf7cbf725c76eacb1be2bf2713e0b3.jpeg\"\/><\/p>\n<p>Telejornal | 12 de janeiro de 2026Em Lisboa e no Porto inscreveram-se para o voto antecipado 218 mil eleitores.<br \/>&#13;<\/p>\n<p>O presidente cessante votou igualmente no domingo. <b>Marcelo Rebelo de Sousa afirmou que esta \u00e9 uma elei\u00e7\u00e3o que tem lugar no fim de um ciclo<\/b>, acarretando uma oportunidade de mudan\u00e7a.<\/p>\n<p>          <img decoding=\"async\" itemprop=\"image\" class=\"img-fluid\"   src=\"https:\/\/www.europesays.com\/pt\/wp-content\/uploads\/2026\/01\/1768214650_47_a8adf0eb93cd884cf601f9113e827c37_N.jpg\"\/><\/p>\n<p>Cerca de 11 milh\u00f5es de eleitores s\u00e3o chamados a pronunciar-se no pr\u00f3ximo domingo. Estas s\u00e3o as elei\u00e7\u00f5es presidenciais com o maior n\u00famero de candidatos de sempre. S\u00e3o 11 os nomes nos boletins de voto.<\/p>\n<p><b>A segunda volta \u2013 cen\u00e1rio cada vez mais consubstanciado pelas sucessivas sondagens \u2013 est\u00e1 prevista para o dia 8 de fevereiro<\/b>.Esta \u00e9 a 11\u00aa elei\u00e7\u00e3o em democracia, desde 1976, para a Presid\u00eancia da Rep\u00fablica. <br \/>&#13;\n<\/p>\n<p>Ao nono dia da campanha, tr\u00eas candidatos rumam a Vila Real: Andr\u00e9 Ventura, Lu\u00eds Marques Mendes e Ant\u00f3nio Jos\u00e9 Seguro. <\/p>\n<p>O l\u00edder do Chega passar\u00e1 ainda por Mirandela, no distrito de Bragan\u00e7a.<\/p>\n<p>Depois de contactos com a popula\u00e7\u00e3o na Feira de Paredes, na \u00c1rea Metropolitana do Porto, Marques Mendes almo\u00e7a em Vila Real, seguindo depois para a Santa Casa da Miseric\u00f3rdia de Vila Pouca de Aguiar.<\/p>\n<p>Seguro ter\u00e1 duas a\u00e7\u00f5es de campanha em Vila Real \u2013 uma visita ao Conservat\u00f3rio local e uma arruada. O candidato apoiado pelo PS come\u00e7a, todavia, o dia em Barcelos. A \u00faltima escala na agenda \u00e9 Bragan\u00e7a.<\/p>\n<p>Jo\u00e3o Cotrim Figueiredo andar\u00e1, por seu turno, pelo distrito de Castelo Branco, come\u00e7ando o dia na Feira Municipal do Fund\u00e3o. <\/p>\n<p>Pelo Centro vai estar Henrique Gouveia e Melo, que inicia o dia de campanha na Feira de Espinho e far\u00e1 uma descida do Rio Paiva, em Arouca. O antigo chefe do Estado-Maior da Armada vai estar ainda em Coimbra e jantar\u00e1 em Alcoba\u00e7a, j\u00e1 no distrito de Leiria.<\/p>\n<p>Em Lisboa, est\u00e3o Jorge Pinto e Catarina Martins. O candidato apoiado pelo Livre visita a Casa Qui e a Comunidade Energ\u00e9tica de Telheiras e a ex-coordenadora do Bloco de Esquerda vai ao Campus Solar, o projeto-piloto agrovoltaico da Faculdade de Ci\u00eancias da Universidade de Lisboa, e ao Laborat\u00f3rio do Futuro da mesma institui\u00e7\u00e3o.<\/p>\n<p>O sindicalista Andr\u00e9 Pestana escolheu Matosinhos para uma a\u00e7\u00e3o sobre habita\u00e7\u00e3o.<\/p>\n<p>O candidato apoiado pelo PCP, Ant\u00f3nio Filipe, ruma a Elvas para uma visita \u00e0 Esta\u00e7\u00e3o Nacional de Melhoramento de Plantas e a Campo Maior, para um almo\u00e7o com apoiantes. Estar\u00e1 depois em \u00c9vora.<\/p>\n<p>Em Portalegre est\u00e1 Humberto Correia com uma iniciativa na Pra\u00e7a do Rossio.<\/p>\n<p>c\/ Lusa&#13;\n            <\/p>\n","protected":false},"excerpt":{"rendered":"O interior do pa\u00eds \u00e9 a escolha da maioria dos candidatos \u00e0s elei\u00e7\u00f5es presidenciais esta segunda-feira, dia que&hellip;\n","protected":false},"author":2,"featured_media":225889,"comment_status":"","ping_status":"","sticky":false,"template":"","format":"standard","meta":{"footnotes":""},"categories":[10],"tags":[43485,27,28,1677,22436,2258,15,16,14,25,26,21,22,12,13,19,20,32,5215,23,24,33,17,18,29,30,31,11224,14383],"class_list":{"0":"post-225888","1":"post","2":"type-post","3":"status-publish","4":"format-standard","5":"has-post-thumbnail","7":"category-portugal","8":"tag-antecipado","9":"tag-breaking-news","10":"tag-breakingnews","11":"tag-campanha","12":"tag-candidatos","13":"tag-eleicoes","14":"tag-featured-news","15":"tag-featurednews","16":"tag-headlines","17":"tag-latest-news","18":"tag-latestnews","19":"tag-main-news","20":"tag-mainnews","21":"tag-news","22":"tag-noticias","23":"tag-noticias-principais","24":"tag-noticiasprincipais","25":"tag-portugal","26":"tag-presidenciais","27":"tag-principais-noticias","28":"tag-principaisnoticias","29":"tag-pt","30":"tag-top-stories","31":"tag-topstories","32":"tag-ultimas","33":"tag-ultimas-noticias","34":"tag-ultimasnoticias","35":"tag-votacao","36":"tag-voto"},"share_on_mastodon":{"url":"https:\/\/pubeurope.com\/@pt\/115881723161753453","error":""},"_links":{"self":[{"href":"https:\/\/www.europesays.com\/pt\/wp-json\/wp\/v2\/posts\/225888","targetHints":{"allow":["GET"]}}],"collection":[{"href":"https:\/\/www.europesays.com\/pt\/wp-json\/wp\/v2\/posts"}],"about":[{"href":"https:\/\/www.europesays.com\/pt\/wp-json\/wp\/v2\/types\/post"}],"author":[{"embeddable":true,"href":"https:\/\/www.europesays.com\/pt\/wp-json\/wp\/v2\/users\/2"}],"replies":[{"embeddable":true,"href":"https:\/\/www.europesays.com\/pt\/wp-json\/wp\/v2\/comments?post=225888"}],"version-history":[{"count":0,"href":"https:\/\/www.europesays.com\/pt\/wp-json\/wp\/v2\/posts\/225888\/revisions"}],"wp:featuredmedia":[{"embeddable":true,"href":"https:\/\/www.europesays.com\/pt\/wp-json\/wp\/v2\/media\/225889"}],"wp:attachment":[{"href":"https:\/\/www.europesays.com\/pt\/wp-json\/wp\/v2\/media?parent=225888"}],"wp:term":[{"taxonomy":"category","embeddable":true,"href":"https:\/\/www.europesays.com\/pt\/wp-json\/wp\/v2\/categories?post=225888"},{"taxonomy":"post_tag","embeddable":true,"href":"https:\/\/www.europesays.com\/pt\/wp-json\/wp\/v2\/tags?post=225888"}],"curies":[{"name":"wp","href":"https:\/\/api.w.org\/{rel}","templated":true}]}}