{"id":225890,"date":"2026-01-12T10:45:15","date_gmt":"2026-01-12T10:45:15","guid":{"rendered":"https:\/\/www.europesays.com\/pt\/225890\/"},"modified":"2026-01-12T10:45:15","modified_gmt":"2026-01-12T10:45:15","slug":"gloria-aos-vencedores-a-bola","status":"publish","type":"post","link":"https:\/\/www.europesays.com\/pt\/225890\/","title":{"rendered":"Gl\u00f3ria aos vencedores | A Bola"},"content":{"rendered":"<p>Gl\u00f3ria aos vencedores. O dia 10 de janeiro de 2025 ficar\u00e1 para sempre na hist\u00f3ria do <a class=\"autolink-enabled\" data-resource-id=\"443\" data-resource-type=\"team\" data-sport=\"football\" href=\"https:\/\/www.abola.pt\/futebol\/vitoria-de-guimaraes-443\" rel=\"nofollow noopener\" target=\"_blank\">Vit\u00f3ria de Guimar\u00e3es<\/a>, como antes ficou o de 19 de outubro de 1988 (data da conquista da <a class=\"autolink-enabled\" data-resource-id=\"114\" data-resource-type=\"competition\" data-sport=\"football\" href=\"https:\/\/www.abola.pt\/futebol\/competicao\/supertaca-114\" rel=\"nofollow noopener\" target=\"_blank\">Superta\u00e7a<\/a>, frente ao <a class=\"autolink-enabled\" data-resource-id=\"451\" data-resource-type=\"team\" data-sport=\"football\" href=\"https:\/\/www.abola.pt\/futebol\/fc-porto-451\" rel=\"nofollow noopener\" target=\"_blank\">FC Porto<\/a>) e o de 26 de maio de 2013 (primeira <a class=\"autolink-enabled\" data-resource-id=\"112\" data-resource-type=\"competition\" data-sport=\"football\" href=\"https:\/\/www.abola.pt\/futebol\/competicao\/taca-de-portugal-112\" rel=\"nofollow noopener\" target=\"_blank\">Ta\u00e7a de Portugal<\/a>, contra o <a class=\"autolink-enabled\" data-resource-id=\"450\" data-resource-type=\"team\" data-sport=\"football\" href=\"https:\/\/www.abola.pt\/futebol\/benfica-450\" rel=\"nofollow noopener\" target=\"_blank\">Benfica<\/a>). Lu\u00eds Pinto fica com o nome gravado a letras douradas no palmar\u00e9s do clube, como Geninho e Rui Vit\u00f3ria, antes dele. E daqui a 50 anos ainda se contar\u00e3o hist\u00f3rias das defesas de <a class=\"autolink-enabled\" data-resource-id=\"42936\" data-resource-type=\"player\" data-sport=\"football\" href=\"https:\/\/www.abola.pt\/futebol\/jogador\/charles-42936\" rel=\"nofollow noopener\" target=\"_blank\">Charles<\/a> e dos golos de <a class=\"autolink-enabled\" data-resource-id=\"227767\" data-resource-type=\"player\" data-sport=\"football\" href=\"https:\/\/www.abola.pt\/futebol\/jogador\/alioune-ndoye-227767\" rel=\"nofollow noopener\" target=\"_blank\">Ndoye<\/a> (o de ontem, mas tamb\u00e9m os dois contra o <a class=\"autolink-enabled\" data-resource-id=\"448\" data-resource-type=\"team\" data-sport=\"football\" href=\"https:\/\/www.abola.pt\/futebol\/sporting-448\" rel=\"nofollow noopener\" target=\"_blank\">Sporting<\/a> na meia-final).<\/p>\n<p>A conquista pela primeira vez da <a class=\"autolink-enabled\" data-resource-id=\"113\" data-resource-type=\"competition\" data-sport=\"football\" href=\"https:\/\/www.abola.pt\/futebol\/competicao\/allianz-cup-113\" rel=\"nofollow noopener\" target=\"_blank\">Allianz Cup<\/a>, mesmo num formato menos representativo, apenas com oito equipas, valeria sempre esse lugar na hist\u00f3ria. Mas a presen\u00e7a na mem\u00f3ria coletiva dos vitorianos n\u00e3o se deve apenas ao triunfo na final. Queira-se ou n\u00e3o, quem se venceu, e como se venceu, tem tanta ou mais import\u00e2ncia. E n\u00e3o me refiro apenas ao grande rival <a class=\"autolink-enabled\" data-resource-id=\"457\" data-resource-type=\"team\" data-sport=\"football\" href=\"https:\/\/www.abola.pt\/futebol\/sc-braga-457\" rel=\"nofollow noopener\" target=\"_blank\">SC Braga<\/a>. Para apreciar o feito do Vit\u00f3ria, vale olhar para um percurso feito de alma, de garra, de cren\u00e7a imut\u00e1vel, quando deixar de acreditar era o mais f\u00e1cil.<\/p>\n<p>O formato da competi\u00e7\u00e3o feito para ajudar a uma final four com os quatro principais clubes portugueses \u2014 com a devida v\u00e9nia \u00e0 incr\u00edvel massa adepta vitoriana, FC Porto, Sporting, Benfica e, muito atr\u00e1s, SC Braga v\u00e3o dominando aten\u00e7\u00f5es e resultados \u2014 obrigou a equipa de Guimar\u00e3es a come\u00e7ar fora, contra o atual l\u00edder do campeonato. Quando jogaram, h\u00e1 mais de um m\u00eas (4 de dezembro), o FC Porto ainda n\u00e3o tinha perdido em competi\u00e7\u00f5es internas. Depois disso, tamb\u00e9m n\u00e3o o fez. Come\u00e7ou a ganhar logo aos 8&#8242;, com golo de <a target=\"_blank\" class=\"editor-link autolink-enabled\" href=\"https:\/\/www.abola.pt\/futebol\/jogador\/gabri-veiga-218005\" data-resource-id=\"218005\" data-resource-type=\"player\" data-sport=\"football\" rel=\"nofollow noopener\">Gabri Veiga<\/a>. E acabou eliminado (1-3) com uma reviravolta fant\u00e1stica, sinal do que estaria para vir.<\/p>\n<p>Porque na quarta-feira e ontem o Vit\u00f3ria tamb\u00e9m entrou a perder e nunca baixou os bra\u00e7os. Contra o Sporting, na meia-final, ali\u00e1s, ainda perdia aos 90&#8242;. Ontem, passou para a frente mais cedo, mas resistiu a pen\u00e1lti na compensa\u00e7\u00e3o.<\/p>\n<p>A hist\u00f3ria faz-se de trof\u00e9us, mas a forma como se os vence \u00e9 que torna os her\u00f3is imortais.<\/p>\n<p>Mas gl\u00f3ria, tamb\u00e9m, aos vencidos. Em Braga, ningu\u00e9m vai lembrar, daqui a uns anos, o dia 10 de janeiro de 2025, mas talvez a amarga derrota na primeira final contra o maior rival seja uma nota de rodap\u00e9 na afirma\u00e7\u00e3o dos guerreiros. Porque h\u00e1 sinais favor\u00e1veis \u2014 o dom\u00ednio na primeira parte, por exemplo, a juntar \u00e0 grande exibi\u00e7\u00e3o no Drag\u00e3o para a Liga, aos empates com Sporting e Benfica, \u00e0 elimina\u00e7\u00e3o das \u00e1guias nas meias-finais desta Ta\u00e7a da Liga. Os resultados, at\u00e9 agora, n\u00e3o acompanham o bom futebol que, a espa\u00e7os, a equipa de Carlos Vicens joga. Se come\u00e7arem a acompanhar, cuidado&#8230;<\/p>\n","protected":false},"excerpt":{"rendered":"Gl\u00f3ria aos vencedores. O dia 10 de janeiro de 2025 ficar\u00e1 para sempre na hist\u00f3ria do Vit\u00f3ria de&hellip;\n","protected":false},"author":2,"featured_media":225891,"comment_status":"","ping_status":"","sticky":false,"template":"","format":"standard","meta":{"footnotes":""},"categories":[8],"tags":[27,28,15,16,14,25,26,21,22,12,13,19,20,32,23,24,33,17,18,29,30,31],"class_list":{"0":"post-225890","1":"post","2":"type-post","3":"status-publish","4":"format-standard","5":"has-post-thumbnail","7":"category-principais-noticias","8":"tag-breaking-news","9":"tag-breakingnews","10":"tag-featured-news","11":"tag-featurednews","12":"tag-headlines","13":"tag-latest-news","14":"tag-latestnews","15":"tag-main-news","16":"tag-mainnews","17":"tag-news","18":"tag-noticias","19":"tag-noticias-principais","20":"tag-noticiasprincipais","21":"tag-portugal","22":"tag-principais-noticias","23":"tag-principaisnoticias","24":"tag-pt","25":"tag-top-stories","26":"tag-topstories","27":"tag-ultimas","28":"tag-ultimas-noticias","29":"tag-ultimasnoticias"},"share_on_mastodon":{"url":"https:\/\/pubeurope.com\/@pt\/115881726744427393","error":""},"_links":{"self":[{"href":"https:\/\/www.europesays.com\/pt\/wp-json\/wp\/v2\/posts\/225890","targetHints":{"allow":["GET"]}}],"collection":[{"href":"https:\/\/www.europesays.com\/pt\/wp-json\/wp\/v2\/posts"}],"about":[{"href":"https:\/\/www.europesays.com\/pt\/wp-json\/wp\/v2\/types\/post"}],"author":[{"embeddable":true,"href":"https:\/\/www.europesays.com\/pt\/wp-json\/wp\/v2\/users\/2"}],"replies":[{"embeddable":true,"href":"https:\/\/www.europesays.com\/pt\/wp-json\/wp\/v2\/comments?post=225890"}],"version-history":[{"count":0,"href":"https:\/\/www.europesays.com\/pt\/wp-json\/wp\/v2\/posts\/225890\/revisions"}],"wp:featuredmedia":[{"embeddable":true,"href":"https:\/\/www.europesays.com\/pt\/wp-json\/wp\/v2\/media\/225891"}],"wp:attachment":[{"href":"https:\/\/www.europesays.com\/pt\/wp-json\/wp\/v2\/media?parent=225890"}],"wp:term":[{"taxonomy":"category","embeddable":true,"href":"https:\/\/www.europesays.com\/pt\/wp-json\/wp\/v2\/categories?post=225890"},{"taxonomy":"post_tag","embeddable":true,"href":"https:\/\/www.europesays.com\/pt\/wp-json\/wp\/v2\/tags?post=225890"}],"curies":[{"name":"wp","href":"https:\/\/api.w.org\/{rel}","templated":true}]}}