{"id":225900,"date":"2026-01-12T10:53:13","date_gmt":"2026-01-12T10:53:13","guid":{"rendered":"https:\/\/www.europesays.com\/pt\/225900\/"},"modified":"2026-01-12T10:53:13","modified_gmt":"2026-01-12T10:53:13","slug":"vacinacao-contra-a-dengue-para-pessoas-ate-59-anos-comeca-nesta-em-capivari","status":"publish","type":"post","link":"https:\/\/www.europesays.com\/pt\/225900\/","title":{"rendered":"Vacina\u00e7\u00e3o contra a dengue para pessoas at\u00e9 59 anos come\u00e7a nesta em Capivari"},"content":{"rendered":"<p>A Secretaria de Sa\u00fade de Capivari come\u00e7a nesta segunda-feira a aplicar a vacina contra dengue para moradores de seis a 59 anos de idade.\u00a0<\/p>\n<p>As doses est\u00e3o dispon\u00edveis em todos os postos de sa\u00fade da cidade.\u00a0<\/p>\n<p>Para receber a vacina, \u00e9 necess\u00e1rio levar documento com foto e a carteirinha de vacina\u00e7\u00e3o. Os hor\u00e1rios de atendimento variam em cada unidade, por isso \u00e9 importante consultar o posto mais pr\u00f3ximo.\u00a0<\/p>\n<p>Confira os endere\u00e7os<\/p>\n<ul class=\"wp-block-list\">\n<li><strong>Central<\/strong>: Rua Padre Haroldo, 553, Centro<\/li>\n<li><strong>Porto Alegre<\/strong>: Rua Vit\u00f3rio Gatti, s\/n\u00ba<\/li>\n<li><strong>Jardim Primavera<\/strong>: Rua Amazonas, 214<\/li>\n<li><strong>Castelani<\/strong>: Av. Newton Pimenta Neves, s\/n\u00ba<\/li>\n<li><strong>Engenho Velho<\/strong>: Rua Ord\u00e1lia Batista Motta, 230<\/li>\n<li><strong>S\u00e3o Jo\u00e3o<\/strong>: Av. A, 154<\/li>\n<li><strong>Jardim Santa Rita<\/strong>: Rua \u00canio Godoy, s\/n\u00ba<\/li>\n<\/ul>\n<p>Mais informa\u00e7\u00f5es podem ser obtidas na Vigil\u00e2ncia Epidemiol\u00f3gica, na avenida do Carmo, 60, Vila Cardoso, ou pelo telefone (19) 3492-7326.\u00a0<\/p>\n<p>Segundo o painel estadual, Capivari\u00a0ainda\u00a0n\u00e3o registrou casos de dengue em 2026. No ano passado, foram confirmados 184 casos e outros 15 ficaram em investiga\u00e7\u00e3o. N\u00e3o houve mortes.\u00a0<\/p>\n","protected":false},"excerpt":{"rendered":"A Secretaria de Sa\u00fade de Capivari come\u00e7a nesta segunda-feira a aplicar a vacina contra dengue para moradores de&hellip;\n","protected":false},"author":2,"featured_media":225901,"comment_status":"","ping_status":"","sticky":false,"template":"","format":"standard","meta":{"footnotes":""},"categories":[86],"tags":[116,32,33,117],"class_list":{"0":"post-225900","1":"post","2":"type-post","3":"status-publish","4":"format-standard","5":"has-post-thumbnail","7":"category-saude","8":"tag-health","9":"tag-portugal","10":"tag-pt","11":"tag-saude"},"share_on_mastodon":{"url":"https:\/\/pubeurope.com\/@pt\/115881758113696219","error":""},"_links":{"self":[{"href":"https:\/\/www.europesays.com\/pt\/wp-json\/wp\/v2\/posts\/225900","targetHints":{"allow":["GET"]}}],"collection":[{"href":"https:\/\/www.europesays.com\/pt\/wp-json\/wp\/v2\/posts"}],"about":[{"href":"https:\/\/www.europesays.com\/pt\/wp-json\/wp\/v2\/types\/post"}],"author":[{"embeddable":true,"href":"https:\/\/www.europesays.com\/pt\/wp-json\/wp\/v2\/users\/2"}],"replies":[{"embeddable":true,"href":"https:\/\/www.europesays.com\/pt\/wp-json\/wp\/v2\/comments?post=225900"}],"version-history":[{"count":0,"href":"https:\/\/www.europesays.com\/pt\/wp-json\/wp\/v2\/posts\/225900\/revisions"}],"wp:featuredmedia":[{"embeddable":true,"href":"https:\/\/www.europesays.com\/pt\/wp-json\/wp\/v2\/media\/225901"}],"wp:attachment":[{"href":"https:\/\/www.europesays.com\/pt\/wp-json\/wp\/v2\/media?parent=225900"}],"wp:term":[{"taxonomy":"category","embeddable":true,"href":"https:\/\/www.europesays.com\/pt\/wp-json\/wp\/v2\/categories?post=225900"},{"taxonomy":"post_tag","embeddable":true,"href":"https:\/\/www.europesays.com\/pt\/wp-json\/wp\/v2\/tags?post=225900"}],"curies":[{"name":"wp","href":"https:\/\/api.w.org\/{rel}","templated":true}]}}