{"id":225906,"date":"2026-01-12T10:57:14","date_gmt":"2026-01-12T10:57:14","guid":{"rendered":"https:\/\/www.europesays.com\/pt\/225906\/"},"modified":"2026-01-12T10:57:14","modified_gmt":"2026-01-12T10:57:14","slug":"incendio-na-suica-porta-de-servico-do-bar-estava-trancada-por-dentro","status":"publish","type":"post","link":"https:\/\/www.europesays.com\/pt\/225906\/","title":{"rendered":"Inc\u00eandio na Su\u00ed\u00e7a. Porta de servi\u00e7o do bar estava trancada por dentro"},"content":{"rendered":"<p>O propriet\u00e1rio do bar Le Constellation, na Su\u00ed\u00e7a, onde morreram 40 pessoas num inc\u00eandio, confessou \u00e0s autoridades que uma porta de servi\u00e7o do estabelecimento estava trancada por dentro nessa noite.<\/p>\n<p>Jacques Moretti, que se encontra em pris\u00e3o preventiva, revelou que s\u00f3 descobriu que a porta estava trancada ao chegar ao local depois do inc\u00eandio, sem, no entanto, conseguir explicar o porqu\u00ea.<\/p>\n<p>Ao chegar ao bar na madrugada do dia 1 de janeiro, Moretti disse ter arrombado a porta em quest\u00e3o, descobrindo v\u00e1rios corpos do outro lado, segundo a ag\u00eancia France-Presse (AFP).<\/p>\n<p>As autoridades acreditam que o inc\u00eandio tenha sido iniciado por velas de foguete em garrafas de bebidas alco\u00f3licas. As fa\u00edscas ter\u00e3o entrado em contacto com espuma de isolamento de som no teto do bar, dando assim in\u00edcio ao fogo.<\/p>\n<p>Durante o interrogat\u00f3rio, Moretti admitiu ter sido ele pr\u00f3prio a instalar a espuma durante as renova\u00e7\u00f5es do estabelecimento em 2015, quando comprou o espa\u00e7o com a mulher. Na altura, garante ter feito testes para se certificar que as fa\u00edscas dessas velas n\u00e3o eram fortes o suficiente para incendiar a espuma.<\/p>\n<p>&#8220;N\u00f3s t\u00ednhamos sempre uma vela de foguete quando serv\u00edamos uma garrafa de vinho na sala de jantar&#8221;, afirmou a sua mulher e co-propriet\u00e1ria do Le Constellation. Jessica Moretti foi libertada na sexta-feira.<\/p>\n<p>Jacques foi ainda questionado sobre a presen\u00e7a de menores no bar, sendo que <a href=\"https:\/\/www.noticiasaominuto.com\/mundo\/2913667\/identificadas-ultimas-vitimas-mortais-do-incendio-na-suica\" target=\"_blank\" rel=\"noopener nofollow\">a maior parte das v\u00edtimas mortais registada eram adolescentes.<\/a><\/p>\n<p>Moretti garantiu que a entrada a menores de 16 era completamente proibida e que entre os 16 e 18 s\u00f3 poderiam frequentar o estabelecimento quando acompanhados por um adulto respons\u00e1vel.<\/p>\n<p>Perante os factos, contudo, admitiu que\u00a0&#8220;\u00e9 poss\u00edvel que tenha havido um lapso no protocolo&#8221;, apesar de ter dado estas &#8220;instru\u00e7\u00f5es&#8221; aos seguran\u00e7as do Le Constellation.<\/p>\n<p>O inc\u00eandio, recorde-se, deflagrou pelas 1h30 locais (00h30 em Lisboa) de quinta-feira, dia 1 de janeiro, seguindo-se uma explos\u00e3o, no bar-discoteca La Constellation, na est\u00e2ncia de Crans-Montana. Segundo explicou a procuradora de Valais, &#8220;o fogo alastrou-se e, \u00e0 medida que se intensificava, causou uma explos\u00e3o generalizada&#8221;.<\/p>\n<p>No dia anterior ao acidente, o munic\u00edpio de Crans-Montana teria proibido o uso de qualquer tipo de fogos de artif\u00edcio, incluindo velas de foguete, alertando para um risco de inc\u00eandio &#8220;extremamente elevado&#8221;, devido a condi\u00e7\u00f5es de seca na regi\u00e3o.<\/p>\n<p>Para al\u00e9m disto, o bar tamb\u00e9m j\u00e1 n\u00e3o seria alvo de inspe\u00e7\u00f5es desde 2020, <a href=\"https:\/\/www.noticiasaominuto.com\/mundo\/2914392\/suica-bar-onde-morreram-40-pessoas-nao-era-alvo-de-inspecao-ha-5-anos\" target=\"_blank\" rel=\"noopener nofollow\">apesar de as mesmas serem obrigat\u00f3rias anualmente<\/a>. Ali\u00e1s, segundo Moreti, o Le Constellation ter\u00e1 sido inspecionado apenas &#8220;tr\u00eas vezes em dez anos&#8221;.<\/p>\n<p>Jacques e Jessica Moretti s\u00e3o suspeitos de homic\u00eddio por neglig\u00eancia, les\u00f5es corporais por neglig\u00eancia e inc\u00eandio criminoso tamb\u00e9m por neglig\u00eancia.<\/p>\n<p>                                                    <img decoding=\"async\" height=\"640\" with=\"360\" src=\"https:\/\/www.europesays.com\/pt\/wp-content\/uploads\/2026\/01\/naom_695f7eb22fe7b.jpg\" border=\"0\" alt=\"Dona de bar em Crans-Montana fugiu com caixa registadora durante inc\u00eandio\"\/><\/p>\n<p>Testemunhas dizem ter visto Jessica Moretti a fugir do espa\u00e7o de divers\u00e3o noturna na est\u00e2ncia de ski, na Su\u00ed\u00e7a, com a caixa de dinheiro feito naquela noite.<\/p>\n<p>                                                     Not\u00edcias ao Minuto | 10:42 &#8211; 08\/01\/2026 <\/p>\n","protected":false},"excerpt":{"rendered":"O propriet\u00e1rio do bar Le Constellation, na Su\u00ed\u00e7a, onde morreram 40 pessoas num inc\u00eandio, confessou \u00e0s autoridades que&hellip;\n","protected":false},"author":2,"featured_media":225907,"comment_status":"","ping_status":"","sticky":false,"template":"","format":"standard","meta":{"footnotes":""},"categories":[50],"tags":[27,28,15,16,14,25,26,21,22,62,12,13,19,20,23,24,17,18,29,30,31,63,64,65],"class_list":{"0":"post-225906","1":"post","2":"type-post","3":"status-publish","4":"format-standard","5":"has-post-thumbnail","7":"category-mundo","8":"tag-breaking-news","9":"tag-breakingnews","10":"tag-featured-news","11":"tag-featurednews","12":"tag-headlines","13":"tag-latest-news","14":"tag-latestnews","15":"tag-main-news","16":"tag-mainnews","17":"tag-mundo","18":"tag-news","19":"tag-noticias","20":"tag-noticias-principais","21":"tag-noticiasprincipais","22":"tag-principais-noticias","23":"tag-principaisnoticias","24":"tag-top-stories","25":"tag-topstories","26":"tag-ultimas","27":"tag-ultimas-noticias","28":"tag-ultimasnoticias","29":"tag-world","30":"tag-world-news","31":"tag-worldnews"},"share_on_mastodon":{"url":"https:\/\/pubeurope.com\/@pt\/115881773967787870","error":""},"_links":{"self":[{"href":"https:\/\/www.europesays.com\/pt\/wp-json\/wp\/v2\/posts\/225906","targetHints":{"allow":["GET"]}}],"collection":[{"href":"https:\/\/www.europesays.com\/pt\/wp-json\/wp\/v2\/posts"}],"about":[{"href":"https:\/\/www.europesays.com\/pt\/wp-json\/wp\/v2\/types\/post"}],"author":[{"embeddable":true,"href":"https:\/\/www.europesays.com\/pt\/wp-json\/wp\/v2\/users\/2"}],"replies":[{"embeddable":true,"href":"https:\/\/www.europesays.com\/pt\/wp-json\/wp\/v2\/comments?post=225906"}],"version-history":[{"count":0,"href":"https:\/\/www.europesays.com\/pt\/wp-json\/wp\/v2\/posts\/225906\/revisions"}],"wp:featuredmedia":[{"embeddable":true,"href":"https:\/\/www.europesays.com\/pt\/wp-json\/wp\/v2\/media\/225907"}],"wp:attachment":[{"href":"https:\/\/www.europesays.com\/pt\/wp-json\/wp\/v2\/media?parent=225906"}],"wp:term":[{"taxonomy":"category","embeddable":true,"href":"https:\/\/www.europesays.com\/pt\/wp-json\/wp\/v2\/categories?post=225906"},{"taxonomy":"post_tag","embeddable":true,"href":"https:\/\/www.europesays.com\/pt\/wp-json\/wp\/v2\/tags?post=225906"}],"curies":[{"name":"wp","href":"https:\/\/api.w.org\/{rel}","templated":true}]}}