{"id":225914,"date":"2026-01-12T11:01:09","date_gmt":"2026-01-12T11:01:09","guid":{"rendered":"https:\/\/www.europesays.com\/pt\/225914\/"},"modified":"2026-01-12T11:01:09","modified_gmt":"2026-01-12T11:01:09","slug":"jovem-casal-constroi-sozinho-em-349-dias-uma-casa-dos-sonhos-com-dois-andares-em-um-campo-verde-no-meio-da-natureza","status":"publish","type":"post","link":"https:\/\/www.europesays.com\/pt\/225914\/","title":{"rendered":"Jovem casal constr\u00f3i sozinho em 349 dias uma casa dos sonhos com dois andares em um campo verde no meio da natureza"},"content":{"rendered":"<p>A execu\u00e7\u00e3o de uma <strong>casa de madeira<\/strong> de dois pavimentos em menos de um ano redefine o conceito de moradia pr\u00f3pria em 2026. O projeto, realizado inteiramente a quatro m\u00e3os, converteu 349 dias de esfor\u00e7o f\u00edsico em um patrim\u00f4nio livre de financiamentos banc\u00e1rios e carregado de significado pessoal.<\/p>\n<p>Como a log\u00edstica manual viabilizou a estrutura vertical?<\/p>\n<p>O desafio t\u00e9cnico come\u00e7ou com a sele\u00e7\u00e3o rigorosa de pranchas e toras, fundamentais para suportar a carga de um sobrado. A aus\u00eancia de maquin\u00e1rio pesado exigiu que o casal desenvolvesse t\u00e9cnicas de alavancagem e transporte manual para posicionar vigas pesadas.<\/p>\n<p>A montagem do esqueleto estrutural dependeu de encaixes precisos e fixa\u00e7\u00e3o robusta. Cada pilar alinhado e cada prancha pregada formaram uma base s\u00f3lida, transformando pilhas de madeira crua em uma arquitetura funcional que respeita a geometria e a estabilidade necess\u00e1ria para dois andares.<\/p>\n<p><img fetchpriority=\"high\" decoding=\"async\" class=\"size-full wp-image-378391\" src=\"data:image\/svg+xml,%3Csvg%20xmlns=\" http:=\"\" alt=\"Constru\u00e7\u00e3o feita por um jovem casal de casa dos sonhos em dois andares na natureza\" width=\"1280\" height=\"720\" data-lazy- data-lazy- data-lazy-src=\"https:\/\/www.europesays.com\/pt\/wp-content\/uploads\/2026\/01\/imagem_2026-01-11_165813923-1.png\"\/>Constru\u00e7\u00e3o feita por um jovem casal de casa dos sonhos em dois andares na natureza \u2013 Foto: @graentechhd20 \/ @dangthimui \/ YouTube<br \/>\nFadiga e ferimentos moldam a rotina no canteiro de obras<\/p>\n<p>A jornada esteve longe de ser um conto de fadas linear. O cronograma de quase doze meses cobrou seu pre\u00e7o em exaust\u00e3o muscular e ferimentos superficiais nas m\u00e3os, marcas reais da dedica\u00e7\u00e3o imposta pelo m\u00e9todo \u201cfa\u00e7a voc\u00ea mesmo\u201d (DIY).<\/p>\n<p>Houve momentos cr\u00edticos onde a magnitude da obra quase paralisou o progresso. A supera\u00e7\u00e3o desses bloqueios mentais ocorreu durante refei\u00e7\u00f5es simples no pr\u00f3prio local e atrav\u00e9s da f\u00e9 renovada diariamente, transformando o canteiro em um espa\u00e7o de resili\u00eancia psicol\u00f3gica.<\/p>\n<p>Leia tamb\u00e9m: <a href=\"https:\/\/bmcnews.com.br\/ultimas-noticias\/jovem-constroi-sozinha-uma-piscina-para-se-refrescar-com-escada-acabamento-arredondado-e-so-utilizando-cimento-e-tijolos\/\" target=\"_blank\" rel=\"noopener nofollow\">Jovem constr\u00f3i sozinha uma piscina para se refrescar, com escada, acabamento arredondado e s\u00f3 utilizando cimento e tijolos<\/a><\/p>\n<p>A constru\u00e7\u00e3o civil como teste definitivo de parceria<\/p>\n<p>Mais do que erguer paredes, o processo serviu como um laborat\u00f3rio de conviv\u00eancia. A comunica\u00e7\u00e3o n\u00e3o verbal e a divis\u00e3o org\u00e2nica de tarefas fortaleceram o v\u00ednculo do casal, provando que a uni\u00e3o \u00e9 um insumo t\u00e3o vital quanto o cimento ou a madeira.<\/p>\n<p>As risadas ecoando pela floresta e o sil\u00eancio de cumplicidade durante o trabalho pesado solidificaram a rela\u00e7\u00e3o. A casa finalizada n\u00e3o \u00e9 apenas um abrigo contra o tempo, mas a materializa\u00e7\u00e3o f\u00edsica da coragem compartilhada durante a juventude.<\/p>\n<p><img loading=\"lazy\" decoding=\"async\" class=\"size-full wp-image-378394\" src=\"data:image\/svg+xml,%3Csvg%20xmlns=\" http:=\"\" alt=\"Constru\u00e7\u00e3o feita por um jovem casal de casa dos sonhos em dois andares na natureza\" width=\"1280\" height=\"720\" data-lazy- data-lazy- data-lazy-src=\"https:\/\/www.europesays.com\/pt\/wp-content\/uploads\/2026\/01\/imagem_2026-01-11_170332074.png\"\/>Constru\u00e7\u00e3o feita por um jovem casal de casa dos sonhos em dois andares na natureza \u2013 Foto: @graentechhd20 \/ @dangthimui \/ YouTube<br \/>\nO legado de uma obra autoral<\/p>\n<p>Ao final do ciclo, a estrutura habit\u00e1vel se destaca no meio da natureza como prova de que a persist\u00eancia supera a falta de experi\u00eancia profissional. Cada canto do im\u00f3vel carrega a mem\u00f3ria t\u00e1til do esfor\u00e7o empregado, oferecendo um valor sentimental incalcul\u00e1vel.<\/p>\n<p>Quem sonha em ter um ref\u00fagio na natureza, vai curtir esse v\u00eddeo especialmente selecionado do canal <b data-path-to-node=\"0\" data-index-in-node=\"99\">Green Tech HD<\/b>, que conta com mais de 120 mil visualiza\u00e7\u00f5es, onde <b data-path-to-node=\"0\" data-index-in-node=\"164\">Dang Thi Mui<\/b> mostra detalhadamente a jornada de 349 dias construindo, do zero, uma incr\u00edvel <b data-path-to-node=\"0\" data-index-in-node=\"256\">cabana de madeira de dois andares<\/b>:<\/p>\n<p>Pilares desta jornada de engenharia e afeto<\/p>\n<ul>\n<li>A autoconstru\u00e7\u00e3o de dois andares \u00e9 vi\u00e1vel com planejamento e disciplina, mesmo sem grandes equipes.<\/li>\n<li>A gest\u00e3o do cansa\u00e7o mental \u00e9 t\u00e3o importante quanto a execu\u00e7\u00e3o t\u00e9cnica da carpintaria.<\/li>\n<li>O im\u00f3vel finalizado representa a independ\u00eancia habitacional e a consolida\u00e7\u00e3o de um projeto de vida a dois.<\/li>\n<\/ul>\n","protected":false},"excerpt":{"rendered":"A execu\u00e7\u00e3o de uma casa de madeira de dois pavimentos em menos de um ano redefine o conceito&hellip;\n","protected":false},"author":2,"featured_media":225915,"comment_status":"","ping_status":"","sticky":false,"template":"","format":"standard","meta":{"footnotes":""},"categories":[144],"tags":[207,205,206,203,201,202,1651,204,43488,114,115,32,33],"class_list":{"0":"post-225914","1":"post","2":"type-post","3":"status-publish","4":"format-standard","5":"has-post-thumbnail","7":"category-arte-e-design","8":"tag-arte","9":"tag-arte-e-design","10":"tag-artedesign","11":"tag-arts","12":"tag-arts-and-design","13":"tag-artsanddesign","14":"tag-casal","15":"tag-design","16":"tag-diy","17":"tag-entertainment","18":"tag-entretenimento","19":"tag-portugal","20":"tag-pt"},"share_on_mastodon":{"url":"https:\/\/pubeurope.com\/@pt\/115881789564109340","error":""},"_links":{"self":[{"href":"https:\/\/www.europesays.com\/pt\/wp-json\/wp\/v2\/posts\/225914","targetHints":{"allow":["GET"]}}],"collection":[{"href":"https:\/\/www.europesays.com\/pt\/wp-json\/wp\/v2\/posts"}],"about":[{"href":"https:\/\/www.europesays.com\/pt\/wp-json\/wp\/v2\/types\/post"}],"author":[{"embeddable":true,"href":"https:\/\/www.europesays.com\/pt\/wp-json\/wp\/v2\/users\/2"}],"replies":[{"embeddable":true,"href":"https:\/\/www.europesays.com\/pt\/wp-json\/wp\/v2\/comments?post=225914"}],"version-history":[{"count":0,"href":"https:\/\/www.europesays.com\/pt\/wp-json\/wp\/v2\/posts\/225914\/revisions"}],"wp:featuredmedia":[{"embeddable":true,"href":"https:\/\/www.europesays.com\/pt\/wp-json\/wp\/v2\/media\/225915"}],"wp:attachment":[{"href":"https:\/\/www.europesays.com\/pt\/wp-json\/wp\/v2\/media?parent=225914"}],"wp:term":[{"taxonomy":"category","embeddable":true,"href":"https:\/\/www.europesays.com\/pt\/wp-json\/wp\/v2\/categories?post=225914"},{"taxonomy":"post_tag","embeddable":true,"href":"https:\/\/www.europesays.com\/pt\/wp-json\/wp\/v2\/tags?post=225914"}],"curies":[{"name":"wp","href":"https:\/\/api.w.org\/{rel}","templated":true}]}}