{"id":225916,"date":"2026-01-12T11:03:07","date_gmt":"2026-01-12T11:03:07","guid":{"rendered":"https:\/\/www.europesays.com\/pt\/225916\/"},"modified":"2026-01-12T11:03:07","modified_gmt":"2026-01-12T11:03:07","slug":"vem-ai-em-terra-forte-marcus-e-detido-por-tentativa-de-agressao-a-gloria-novelas","status":"publish","type":"post","link":"https:\/\/www.europesays.com\/pt\/225916\/","title":{"rendered":"Vem a\u00ed em \u00abTerra Forte\u00bb: Marcus \u00e9 detido por tentativa de agress\u00e3o a Gl\u00f3ria &#8211; Novelas"},"content":{"rendered":"<p>Em \u00abTerra Forte\u00bb, <a href=\"https:\/\/tvi.iol.pt\/novelas\/videos\/terra-forte-empresa-de-marcus-provoca-problemas-de-saude-a-centenas-de-pessoas\/690a568c0cf229bd2f8d374a\" rel=\"nofollow noopener\" target=\"_blank\">Armando (Ricardo Carri\u00e7o)<\/a>\u00a0entra em casa a falar com <a href=\"https:\/\/tvi.iol.pt\/novelas\/videos\/terra-forte-babi-envolve-se-com-o-maior-inimigo-do-pai\/6913709f0cf2559133760eec\" rel=\"nofollow noopener\" target=\"_blank\">Babi (Melissa Matos)<\/a>, contando irritado a <a href=\"https:\/\/tvi.iol.pt\/novelas\/videos\/maria-de-fatima-toma-decisao-sobre-vivi-esta-demitida\/68f8e7750cf285ab53a6b259\" rel=\"nofollow noopener\" target=\"_blank\">Vivi (Sofia Nicholson)<\/a>\u00a0que <a href=\"https:\/\/tvi.iol.pt\/novelas\/ator\/marcus\/68ee60fcd34ee0c2fed13e79\" rel=\"nofollow noopener\" target=\"_blank\"><strong data-end=\"259\" data-start=\"249\">Marcus (Vitor Hugo<\/strong><\/a>) furou o acordo de se afastar da fam\u00edlia e apareceu em casa dos filhos com <a href=\"https:\/\/tvi.iol.pt\/novelas\/videos\/terra-forte-maria-de-fatima-ameaca-gloria\/68fa5c280cf29d28d8298113\" rel=\"nofollow noopener\" target=\"_blank\">Gl\u00f3ria (Maria Jo\u00e3o Pinho)<\/a>, dizendo que pelos vistos vai ter de manter o processo contra ele. Vivi fica muito apreensiva. Vivi diz furiosa a Jennifer que Gl\u00f3ria vai pagar bem caro por querer impor a sua presen\u00e7a aos seus filhos.<\/p>\n<p>Marcus pensa tenso que ficou sem nada, nem tendo onde dormir sequer. Repara no Super Luso e entra irritado. Luzilei diz a Marcus que Armando n\u00e3o est\u00e1. Marcus segue para o interior sem acreditar nele. Luzilei expulsa Marcus do supermercado. <a href=\"https:\/\/tvi.iol.pt\/novelas\/videos\/terra-forte-manuel-tira-toda-a-fortuna-alvaro\/68f61d3d0cf285ab53a6aafc\" rel=\"nofollow noopener\" target=\"_blank\">\u00c1lvaro (Jos\u00e9 Wallenstein)<\/a>\u00a0vem com pol\u00edcias para prender Marcus por tentativa de agress\u00e3o a Gl\u00f3ria. Kadu assiste \u00e0 cena incr\u00e9dulo, com \u00c1lvaro somente a dizer-lhe que Marcus fez algo muito grave.<\/p>\n<p>Recorde-se que n\u00e3o \u00e9 a primeira vez que Marcus \u00e9 detido:<\/p>\n","protected":false},"excerpt":{"rendered":"Em \u00abTerra Forte\u00bb, Armando (Ricardo Carri\u00e7o)\u00a0entra em casa a falar com Babi (Melissa Matos), contando irritado a Vivi&hellip;\n","protected":false},"author":2,"featured_media":225917,"comment_status":"","ping_status":"","sticky":false,"template":"","format":"standard","meta":{"footnotes":""},"categories":[142],"tags":[160,166,114,115,157,167,164,29765,161,158,165,159,32,33,156,18614,163,151,162,6094],"class_list":{"0":"post-225916","1":"post","2":"type-post","3":"status-publish","4":"format-standard","5":"has-post-thumbnail","7":"category-tv","8":"tag-ana-guiomar","9":"tag-cristina-ferreira","10":"tag-entertainment","11":"tag-entretenimento","12":"tag-festa-e-festa","13":"tag-ficcao","14":"tag-jose-fidalgo","15":"tag-marcus","16":"tag-novelas","17":"tag-para-sempre","18":"tag-pedro-sousa","19":"tag-pedro-teixeira","20":"tag-portugal","21":"tag-pt","22":"tag-queridos-papas","23":"tag-terra-forte","24":"tag-tiago-teotonio-pereira","25":"tag-tv","26":"tag-tvi","27":"tag-vitor-hugo"},"share_on_mastodon":{"url":"https:\/\/pubeurope.com\/@pt\/115881797365994863","error":""},"_links":{"self":[{"href":"https:\/\/www.europesays.com\/pt\/wp-json\/wp\/v2\/posts\/225916","targetHints":{"allow":["GET"]}}],"collection":[{"href":"https:\/\/www.europesays.com\/pt\/wp-json\/wp\/v2\/posts"}],"about":[{"href":"https:\/\/www.europesays.com\/pt\/wp-json\/wp\/v2\/types\/post"}],"author":[{"embeddable":true,"href":"https:\/\/www.europesays.com\/pt\/wp-json\/wp\/v2\/users\/2"}],"replies":[{"embeddable":true,"href":"https:\/\/www.europesays.com\/pt\/wp-json\/wp\/v2\/comments?post=225916"}],"version-history":[{"count":0,"href":"https:\/\/www.europesays.com\/pt\/wp-json\/wp\/v2\/posts\/225916\/revisions"}],"wp:featuredmedia":[{"embeddable":true,"href":"https:\/\/www.europesays.com\/pt\/wp-json\/wp\/v2\/media\/225917"}],"wp:attachment":[{"href":"https:\/\/www.europesays.com\/pt\/wp-json\/wp\/v2\/media?parent=225916"}],"wp:term":[{"taxonomy":"category","embeddable":true,"href":"https:\/\/www.europesays.com\/pt\/wp-json\/wp\/v2\/categories?post=225916"},{"taxonomy":"post_tag","embeddable":true,"href":"https:\/\/www.europesays.com\/pt\/wp-json\/wp\/v2\/tags?post=225916"}],"curies":[{"name":"wp","href":"https:\/\/api.w.org\/{rel}","templated":true}]}}