{"id":225920,"date":"2026-01-12T11:07:11","date_gmt":"2026-01-12T11:07:11","guid":{"rendered":"https:\/\/www.europesays.com\/pt\/225920\/"},"modified":"2026-01-12T11:07:11","modified_gmt":"2026-01-12T11:07:11","slug":"ce-tem-menor-numero-de-mortes-por-dengue-em-18-anos-mas-retorno-de-virus-gera-alerta-ceara","status":"publish","type":"post","link":"https:\/\/www.europesays.com\/pt\/225920\/","title":{"rendered":"CE tem menor n\u00famero de mortes por dengue em 18 anos, mas retorno de v\u00edrus gera alerta &#8211; Cear\u00e1"},"content":{"rendered":"<p>O cen\u00e1rio epidemiol\u00f3gico da dengue no Cear\u00e1 apresenta uma dualidade: ao mesmo tempo que celebra uma<strong> marca hist\u00f3rica de redu\u00e7\u00e3o de casos e mortes, <\/strong>em 2025, acende um alerta para o futuro pr\u00f3ximo. As autoridades de sa\u00fade monitoram com cautela a reintrodu\u00e7\u00e3o de um tipo viral que h\u00e1 muito n\u00e3o causava impacto no territ\u00f3rio cearense.<\/p>\n<p>O ano de 2025 ganhou destaque por registrar o menor n\u00famero de mortes por dengue em 18 anos, com <strong>3 \u00f3bitos confirmados.<\/strong> Com cerca de 4.742 casos, o per\u00edodo foi de \u201cbaix\u00edssima transmiss\u00e3o\u201d, permitindo que o Estado alcan\u00e7asse um cen\u00e1rio de controle importante.<\/p>\n<p>Os dados foram analisados pelo Di\u00e1rio do Nordeste com base em boletins epidemiol\u00f3gicos da Secretaria da Sa\u00fade do Cear\u00e1 (Sesa) e na plataforma IntegraSUS, alimentada pela mesma Pasta, e confirmados em entrevista junto ao secret\u00e1rio-executivo de Vigil\u00e2ncia em Sa\u00fade, Antonio Silva Lima Neto (Tanta).<\/p>\n<blockquote class=\"blockquote border-accent not-italic\">\n<p>\n\t\t\tSegundo ele, as mortes foram registradas em Limoeiro do Norte (Vale do Jaguaribe), Aracati (Litoral Leste) e Jardim (Cariri), nos meses de maio, julho e agosto.\n\t\t<\/p>\n<\/blockquote>\n<p>\u201cN\u00f3s vamos fechar 2025 com esses tr\u00eas \u00f3bitos, e \u00e9 uma coisa realmente muito importante, esse baixo n\u00famero de eventos fatais\u201d, diz o gestor.<\/p>\n<p>Tanta tamb\u00e9m lembra que <strong>Fortaleza n\u00e3o registrou \u00f3bitos pela doen\u00e7a.<\/strong> A \u00faltima vez que isso ocorreu foi em 1997, ou seja, h\u00e1 28 anos, segundo monitoramento da Secretaria Municipal de Sa\u00fade (SMS).<\/p>\n<p>Historicamente, o <a href=\"https:\/\/diariodonordeste.verdesmares.com.br\/ceara\/o-que-o-ceara-aprendeu-com-a-dengue-apos-7-epidemias-da-doenca-1.3476438\" rel=\"nofollow noopener\" target=\"_blank\">Estado enfrentou per\u00edodos cr\u00edticos de alta mortalidade desde 2007<\/a>. O ano de 2013 foi o mais letal das \u00faltimas d\u00e9cadas, com 70 mortes confirmadas, seguido de perto por 2015, com 67 \u00f3bitos, e 2011, com 66.\u00a0<\/p>\n<p>Nos anos subsequentes, houve uma tend\u00eancia de queda. Em 2023 e 2024, o n\u00famero de \u00f3bitos estabilizou em 9 casos anuais, com uma redu\u00e7\u00e3o gradativa no total de infectados.\u00a0<\/p>\n<p>\t\t\t\tVeja tamb\u00e9m<\/p>\n<p><strong>Testagem mais eficaz<\/strong><\/p>\n<p>J\u00e1 em volume de infec\u00e7\u00f5es, o ano de 2022 registrou o maior pico recente, totalizando 40.509 casos confirmados no Estado. Esse decl\u00ednio preparou o terreno para os resultados observados no <strong>\u00faltimo balan\u00e7o de 2025, o menor em oito anos.<\/strong><\/p>\n<p>Para Tanta, esse resultado se deve \u00e0 amplia\u00e7\u00e3o da testagem da doen\u00e7a em laborat\u00f3rio, que chegou a 80% dos diagn\u00f3sticos em 2025. Anteriormente, a grande maioria era definida por crit\u00e9rio cl\u00ednico-epidemiol\u00f3gico, ou seja, com avalia\u00e7\u00e3o de sintomas do paciente combinada com o contexto de sa\u00fade coletiva.\u00a0<\/p>\n<blockquote class=\"blockquote border-accent not-italic\">\n<p>\n\t\t\t\u201cIsso \u00e9 um avan\u00e7o do ponto de vista de vigil\u00e2ncia enorme, porque voc\u00ea est\u00e1 de fato trabalhando com o cen\u00e1rio que voc\u00ea tem, ainda mais num cen\u00e1rio de cocircula\u00e7\u00e3o com outros v\u00edrus\u201d, indica.\n\t\t<\/p>\n<\/blockquote>\n<p>Segundo o especialista, o diagn\u00f3stico das arboviroses deve ser feito ainda no per\u00edodo febril e com teste molecular (RT-PCR). Ele detecta o material gen\u00e9tico (RNA) do v\u00edrus da dengue, sendo ideal para o diagn\u00f3stico precoce e para identificar o sorotipo viral.<\/p>\n<p>J\u00e1 o teste sorol\u00f3gico detecta anticorpos produzidos pelo corpo, sendo mais \u00fatil ap\u00f3s alguns dias de infec\u00e7\u00e3o para confirmar a fase da doen\u00e7a. Ou seja, s\u00f3 captura a resposta do corpo \u00e0 infec\u00e7\u00e3o, quando o paciente j\u00e1 pode ter desenvolvido casos graves.<\/p>\n<p>\u201cN\u00f3s aumentamos a capacidade de diagn\u00f3stico. Foi uma mudan\u00e7a muito dr\u00e1stica que a gente conseguiu operacionalizar nesses anos\u201d, afirma.\u00a0<\/p>\n<p>A descoberta mais assertiva do v\u00edrus facilita a <strong>condu\u00e7\u00e3o mais adequada do tratamento<\/strong> pelos m\u00e9dicos, melhorando a aten\u00e7\u00e3o, a chegada mais r\u00e1pida aos servi\u00e7os especializados e a hidrata\u00e7\u00e3o dos pacientes &#8211; j\u00e1 que a dengue afeta significativamente o volume l\u00edquido da corrente sangu\u00ednea.<\/p>\n<p><strong>Por que o sorotipo 3 preocupa para 2026?<\/strong><\/p>\n<p>Entretanto, a aparente tranquilidade de 2025 tamb\u00e9m foi acompanhada pela <strong>detec\u00e7\u00e3o do sorotipo 3 (DENV-3)<\/strong> nas cidades de Limoeiro do Norte, Tabuleiro do Norte e Barbalha. Por coincid\u00eancia, a reintrodu\u00e7\u00e3o s\u00f3 ocorreu ap\u00f3s o fim da quadra chuvosa, o que pode ter ajudado a conter uma propaga\u00e7\u00e3o imediata.<\/p>\n<p>A <a href=\"https:\/\/diariodonordeste.verdesmares.com.br\/ceara\/por-que-a-dengue-e-uma-das-maiores-preocupacoes-para-a-saude-do-ce-em-2026-1.3708233\" target=\"_self\" rel=\"nofollow noopener\">preocupa\u00e7\u00e3o em 2026<\/a> reside justamente na vulnerabilidade coletiva da popula\u00e7\u00e3o porque o sorotipo 3 n\u00e3o circula com for\u00e7a no Cear\u00e1 h\u00e1 cerca de duas d\u00e9cadas. Os \u00faltimos registros significativos desse v\u00edrus ocorreram entre 2003 e 2007, o que significa que uma gera\u00e7\u00e3o de cearenses nunca teve contato com esse tipo espec\u00edfico.<\/p>\n<blockquote class=\"blockquote border-accent not-italic\">\n<p>\n\t\t\tAssim, a aus\u00eancia prolongada do DENV-3 resulta na falta de anticorpos na maioria dos habitantes, criando um ambiente favor\u00e1vel a uma poss\u00edvel epidemia.\u00a0\n\t\t<\/p>\n<\/blockquote>\n<p>Al\u00e9m do quesito imunidade, o risco cl\u00ednico \u00e9 elevado. A ci\u00eancia alerta que a infec\u00e7\u00e3o pr\u00e9via com um sorotipo n\u00e3o protege contra os outros; pelo contr\u00e1rio, infec\u00e7\u00f5es sucessivas por tipos diferentes aumentam o potencial de formas graves da doen\u00e7a.\u00a0<\/p>\n<p>Por isso, como muitos cearenses j\u00e1 foram infectados pelos tipos 1, 2 ou 4, o retorno do tipo 3 \u00e9 uma <strong>amea\u00e7a direta \u00e0 sa\u00fade p\u00fablica.<\/strong><\/p>\n<p>Para enfrentar o risco em 2026, o Estado planeja intensificar alertas, especialmente na regi\u00e3o do Cariri. A vigil\u00e2ncia laboratorial e a vacina\u00e7\u00e3o tamb\u00e9m s\u00e3o consideradas pe\u00e7as-chave na estrat\u00e9gia de conten\u00e7\u00e3o.<\/p>\n<p>A aten\u00e7\u00e3o deve ser redobrada com a <strong>chegada das chuvas,<\/strong> especialmente entre fevereiro e maio. Se o v\u00edrus encontrar uma alta infesta\u00e7\u00e3o do mosquito Aedes aegypti no in\u00edcio de 2026, o cen\u00e1rio de baixa transmiss\u00e3o vivido em 2025 poder\u00e1 ser revertido.<\/p>\n","protected":false},"excerpt":{"rendered":"O cen\u00e1rio epidemiol\u00f3gico da dengue no Cear\u00e1 apresenta uma dualidade: ao mesmo tempo que celebra uma marca hist\u00f3rica&hellip;\n","protected":false},"author":2,"featured_media":225921,"comment_status":"","ping_status":"","sticky":false,"template":"","format":"standard","meta":{"footnotes":""},"categories":[86],"tags":[3248,116,43489,32,33,117,7521],"class_list":{"0":"post-225920","1":"post","2":"type-post","3":"status-publish","4":"format-standard","5":"has-post-thumbnail","7":"category-saude","8":"tag-estados","9":"tag-health","10":"tag-nicolas-paulino","11":"tag-portugal","12":"tag-pt","13":"tag-saude","14":"tag-sociedade-e-saude"},"share_on_mastodon":{"url":"https:\/\/pubeurope.com\/@pt\/115881813235405802","error":""},"_links":{"self":[{"href":"https:\/\/www.europesays.com\/pt\/wp-json\/wp\/v2\/posts\/225920","targetHints":{"allow":["GET"]}}],"collection":[{"href":"https:\/\/www.europesays.com\/pt\/wp-json\/wp\/v2\/posts"}],"about":[{"href":"https:\/\/www.europesays.com\/pt\/wp-json\/wp\/v2\/types\/post"}],"author":[{"embeddable":true,"href":"https:\/\/www.europesays.com\/pt\/wp-json\/wp\/v2\/users\/2"}],"replies":[{"embeddable":true,"href":"https:\/\/www.europesays.com\/pt\/wp-json\/wp\/v2\/comments?post=225920"}],"version-history":[{"count":0,"href":"https:\/\/www.europesays.com\/pt\/wp-json\/wp\/v2\/posts\/225920\/revisions"}],"wp:featuredmedia":[{"embeddable":true,"href":"https:\/\/www.europesays.com\/pt\/wp-json\/wp\/v2\/media\/225921"}],"wp:attachment":[{"href":"https:\/\/www.europesays.com\/pt\/wp-json\/wp\/v2\/media?parent=225920"}],"wp:term":[{"taxonomy":"category","embeddable":true,"href":"https:\/\/www.europesays.com\/pt\/wp-json\/wp\/v2\/categories?post=225920"},{"taxonomy":"post_tag","embeddable":true,"href":"https:\/\/www.europesays.com\/pt\/wp-json\/wp\/v2\/tags?post=225920"}],"curies":[{"name":"wp","href":"https:\/\/api.w.org\/{rel}","templated":true}]}}