{"id":225927,"date":"2026-01-12T11:13:15","date_gmt":"2026-01-12T11:13:15","guid":{"rendered":"https:\/\/www.europesays.com\/pt\/225927\/"},"modified":"2026-01-12T11:13:15","modified_gmt":"2026-01-12T11:13:15","slug":"intimacao-ao-lider-da-fed-deixa-europa-sem-rumo-heineken-tomba-4-com-saida-do-ceo-mercados-num-minuto","status":"publish","type":"post","link":"https:\/\/www.europesays.com\/pt\/225927\/","title":{"rendered":"Intima\u00e7\u00e3o ao l\u00edder da Fed deixa Europa sem rumo. Heineken tomba 4% com sa\u00edda do CEO &#8211; Mercados num minuto"},"content":{"rendered":"<p>                    Receios com independ\u00eancia da Fed deixa Europa sem rumo<\/p>\n<p class=\"\">&#13;<br \/>\n        As bolsas europeias est\u00e3o a negociar sem tend\u00eancia definida, com as pra\u00e7as do bloco divididas entre ganhos e perdas, numa altura em que o foco dos investidores passa dos conflitos geopol\u00edticos ao bra\u00e7o de ferro entre o Presidente dos EUA, Donald Trump, e o presidente da Reserva Federal, Jerome Powell.\u00a0&#13;\n    <\/p>\n<p class=\"\">&#13;<br \/>\n        Powell disse este fim-de-semana ter recebido uma intima\u00e7\u00e3o por, na sua perspetiva, n\u00e3o cortar as taxas de juro. A a\u00e7\u00e3o judicial norte-americana pode levar a um processo de destitui\u00e7\u00e3o de Powell, que termina o mandato em maio deste ano, e coloca ainda em risco a independ\u00eancia do banco central face ao Governo. Os analistas dizem que, como Trump n\u00e3o pode intervir diretamente na pol\u00edtica monet\u00e1ria, exerce press\u00e3o desta forma.\u00a0&#13;\n    <\/p>\n<p class=\"\">&#13;<br \/>\n        <b>Neste contexto, o Stoxx 600 perde 0,17% para 608,62 pontos, afastando-se do recorde atingido na \u00faltima sess\u00e3o, pressionado sobretudo pelo setor da energia, das viagens e do autom\u00f3vel, que caem cerca de 1%.\u00a0<\/b>&#13;\n    <\/p>\n<p class=\"\">&#13;<br \/>\n        \u00c9 um passo atr\u00e1s no arranque otimista de ano que o &#8220;benchmark&#8221; estava a registar, \u00e0 boleia das mineiras e tecnol\u00f3gicas. Os investidores est\u00e3o ainda de olho nos desenvolvimentos da geopol\u00edtica mundial, com os EUA a continuarem as amea\u00e7as de interven\u00e7\u00e3o no Ir\u00e3o.\u00a0&#13;\n    <\/p>\n<p class=\"\">&#13;<br \/>\n        &#8220;O in\u00edcio do ano tem sido estelar at\u00e9 agora, ent\u00e3o esta \u00e9\u00a0uma boa oportunidade para os investidores realizarem alguns lucros&#8221;,\u00a0disse Andrea Tueni, do Saxo Banque France, \u00e0 Bloomberg.&#13;\n    <\/p>\n<p class=\"\">&#13;<br \/>\n        Quanto aos resultados por pra\u00e7a, o espanhol IBEX 35 recua quase 1%, o franc\u00eas CAC-40 cede 0,25%, o brit\u00e2nico FTSE 100 avan\u00e7a 0,06%, o italiano FTSEMIB desvaloriza 0,42% e o alem\u00e3o Dax valoriza 0,1%. O neerland\u00eas AEX cede 0,14%.\u00a0  &#13;\n    <\/p>\n<p class=\"\">&#13;<br \/>\n        Entre as a\u00e7\u00f5es individuais, a Abivax dispara 22%, numa altura em que se fala de uma poss\u00edvel aquisi\u00e7\u00e3o da\u00a0empresa francesa de biotecnologia.&#13;\n    <\/p>\n<p class=\"\">&#13;<br \/>\n        As a\u00e7\u00f5es do Barclays tombam 3,2%, depois de o presidente Donald Trump ter dito que as empresas gestoras de cart\u00f5es de cr\u00e9dito estariam a &#8220;violar a lei&#8221; se\u00a0n\u00e3o limitassem as taxas de juros a 10% por ano, como apelou Trump.&#13;\n    <\/p>\n<p class=\"\">&#13;<br \/>\n        As a\u00e7\u00f5es da Heineken ca\u00edram 4,54%. O diretor executivo, Dolf van den Brink, deve deixar o cargo meses depois de a empresa ter alertado sobre a queda nos lucros devido \u00e0 redu\u00e7\u00e3o nas vendas de cerveja.&#13;\n    <\/p>\n<p class=\"\">&#13;<br \/>\n        O mercado espera pelos novos catalisadores desta semana: os dados da infla\u00e7\u00e3o nos EUA e o arranque da &#8220;earnings season&#8221; nos EUA.\u00a0&#13;\n    <\/p>\n","protected":false},"excerpt":{"rendered":"Receios com independ\u00eancia da Fed deixa Europa sem rumo &#13; As bolsas europeias est\u00e3o a negociar sem tend\u00eancia&hellip;\n","protected":false},"author":2,"featured_media":211777,"comment_status":"","ping_status":"","sticky":false,"template":"","format":"standard","meta":{"footnotes":""},"categories":[8],"tags":[1866,27,28,15,16,14,43493,25,26,21,22,23188,12,13,19,20,32,23,24,33,17,18,29,30,31],"class_list":{"0":"post-225927","1":"post","2":"type-post","3":"status-publish","4":"format-standard","5":"has-post-thumbnail","7":"category-principais-noticias","8":"tag-atletismo","9":"tag-breaking-news","10":"tag-breakingnews","11":"tag-featured-news","12":"tag-featurednews","13":"tag-headlines","14":"tag-inventarios","15":"tag-latest-news","16":"tag-latestnews","17":"tag-main-news","18":"tag-mainnews","19":"tag-metal","20":"tag-news","21":"tag-noticias","22":"tag-noticias-principais","23":"tag-noticiasprincipais","24":"tag-portugal","25":"tag-principais-noticias","26":"tag-principaisnoticias","27":"tag-pt","28":"tag-top-stories","29":"tag-topstories","30":"tag-ultimas","31":"tag-ultimas-noticias","32":"tag-ultimasnoticias"},"share_on_mastodon":{"url":"https:\/\/pubeurope.com\/@pt\/115881836783835909","error":""},"_links":{"self":[{"href":"https:\/\/www.europesays.com\/pt\/wp-json\/wp\/v2\/posts\/225927","targetHints":{"allow":["GET"]}}],"collection":[{"href":"https:\/\/www.europesays.com\/pt\/wp-json\/wp\/v2\/posts"}],"about":[{"href":"https:\/\/www.europesays.com\/pt\/wp-json\/wp\/v2\/types\/post"}],"author":[{"embeddable":true,"href":"https:\/\/www.europesays.com\/pt\/wp-json\/wp\/v2\/users\/2"}],"replies":[{"embeddable":true,"href":"https:\/\/www.europesays.com\/pt\/wp-json\/wp\/v2\/comments?post=225927"}],"version-history":[{"count":0,"href":"https:\/\/www.europesays.com\/pt\/wp-json\/wp\/v2\/posts\/225927\/revisions"}],"wp:featuredmedia":[{"embeddable":true,"href":"https:\/\/www.europesays.com\/pt\/wp-json\/wp\/v2\/media\/211777"}],"wp:attachment":[{"href":"https:\/\/www.europesays.com\/pt\/wp-json\/wp\/v2\/media?parent=225927"}],"wp:term":[{"taxonomy":"category","embeddable":true,"href":"https:\/\/www.europesays.com\/pt\/wp-json\/wp\/v2\/categories?post=225927"},{"taxonomy":"post_tag","embeddable":true,"href":"https:\/\/www.europesays.com\/pt\/wp-json\/wp\/v2\/tags?post=225927"}],"curies":[{"name":"wp","href":"https:\/\/api.w.org\/{rel}","templated":true}]}}