{"id":225934,"date":"2026-01-12T11:21:11","date_gmt":"2026-01-12T11:21:11","guid":{"rendered":"https:\/\/www.europesays.com\/pt\/225934\/"},"modified":"2026-01-12T11:21:11","modified_gmt":"2026-01-12T11:21:11","slug":"obra-de-reforma-e-ampliacao-da-ubs-tamoio-avanca-sem-interrupcao-nos-atendimentos","status":"publish","type":"post","link":"https:\/\/www.europesays.com\/pt\/225934\/","title":{"rendered":"Obra de reforma e amplia\u00e7\u00e3o da UBS Tamoio avan\u00e7a sem interrup\u00e7\u00e3o nos atendimentos"},"content":{"rendered":"<p>\t\tObra de reforma e amplia\u00e7\u00e3o da UBS Tamoio avan\u00e7a sem interrup\u00e7\u00e3o nos atendimentos<\/p>\n<p>\t\t Publicada em 12\/01\/2026 \u00e0s 08:00 <\/p>\n<p>As obras de reforma e amplia\u00e7\u00e3o da Unidade B\u00e1sica de Sa\u00fade (UBS) Tamoio seguem em ritmo acelerado e j\u00e1 come\u00e7am a transformar a realidade da regi\u00e3o para os moradores que dependem diariamente dos servi\u00e7os oferecidos pela unidade. Com investimento superior a R$ 6,5 milh\u00f5es, o projeto tem entrega prevista para o segundo semestre de 2026.<\/p>\n<p><img fetchpriority=\"high\" decoding=\"async\" width=\"1280\" height=\"853\" src=\"https:\/\/www.europesays.com\/pt\/wp-content\/uploads\/2026\/01\/reforma_amplicacao_ubs_tamoio-10-1-1280x853.jpg\" alt=\"\" class=\"wp-image-372377\"  \/>Projeto de mais de R$ 6,5 milh\u00f5es tem entrega prevista para o segundo semestre de 2026<\/p>\n<p>Para o prefeito Gustavo Martinelli, a obra representa um avan\u00e7o importante na qualifica\u00e7\u00e3o da sa\u00fade p\u00fablica do munic\u00edpio. \u201cEstamos investindo para ampliar a capacidade de atendimento e oferecer mais dignidade, conforto e qualidade nos servi\u00e7os de sa\u00fade. Essa obra \u00e9 fruto de planejamento e compromisso com quem mais precisa, sem interromper o atendimento \u00e0 popula\u00e7\u00e3o\u201d, destacou.<\/p>\n<p>A unidade ter\u00e1 122% de amplia\u00e7\u00e3o da \u00e1rea f\u00edsica, o que permitir\u00e1 dobrar a capacidade de atendimento. De 507,53 m\u00b2, o pr\u00e9dio passar\u00e1 a contar com 1.128 m\u00b2 de \u00e1rea constru\u00edda, com 16 consult\u00f3rios, sendo tr\u00eas odontol\u00f3gicos e um de reabilita\u00e7\u00e3o. A UBS ter\u00e1 ainda sala de vacina e farm\u00e1cia ampliadas, al\u00e9m de salas de medica\u00e7\u00e3o, curativos, multiuso e para atividades coletivas, espa\u00e7o de emerg\u00eancia e observa\u00e7\u00e3o e uma \u00e1rea espec\u00edfica para orienta\u00e7\u00e3o \u00e0 amamenta\u00e7\u00e3o, novidade no equipamento. Outra mudan\u00e7a significativa ser\u00e1 na recep\u00e7\u00e3o, que substituir\u00e1 o atendimento em balc\u00e3o por cadeiras, garantindo mais conforto e acessibilidade aos usu\u00e1rios.<\/p>\n<p>\u201cAtualmente, a obra se encontra na fase de constru\u00e7\u00e3o da alvenaria. Para al\u00e9m da amplia\u00e7\u00e3o da estrutura f\u00edsica, essa entrega representa melhoria dos servi\u00e7os, acolhimento e respeito \u00e0 comunidade atendida pela unidade\u201d, explica a gerente de projetos da Secretaria Municipal de Promo\u00e7\u00e3o da Sa\u00fade, Grazziela Brandt.<\/p>\n<p><img loading=\"lazy\" decoding=\"async\" width=\"1280\" height=\"853\" src=\"https:\/\/www.europesays.com\/pt\/wp-content\/uploads\/2026\/01\/reforma_amplicacao_ubs_tamoio-29-1280x853.jpg\" alt=\"\" class=\"wp-image-372378\"  \/>A unidade ter\u00e1 122% a mais de espa\u00e7o<\/p>\n<p><img loading=\"lazy\" decoding=\"async\" width=\"1280\" height=\"853\" src=\"https:\/\/www.europesays.com\/pt\/wp-content\/uploads\/2026\/01\/reforma_amplicacao_ubs_tamoio-6-1280x853.jpg\" alt=\"\" class=\"wp-image-372379\"  \/>Estrutura total ter\u00e1 16 consult\u00f3rios e diversas melhorias<\/p>\n<p>Durante a execu\u00e7\u00e3o dos trabalhos, os atendimentos seguem funcionando normalmente na UBS, que existe desde 2010. Com a amplia\u00e7\u00e3o, ser\u00e1 poss\u00edvel atender adequadamente a demanda do equipamento, que atualmente conta com mais de 28 mil usu\u00e1rios cadastrados e recebe cerca de 600 pessoas por dia.<\/p>\n<p>\u201cA amplia\u00e7\u00e3o vai proporcionar mais seguran\u00e7a e qualidade de vida aos pacientes, que s\u00e3o 100% dependentes do SUS e precisam dos servi\u00e7os da unidade continuamente\u201d, acrescenta a gerente da UBS Tamoio, Larissa Zanotto Costardi.<\/p>\n<p><img loading=\"lazy\" decoding=\"async\" width=\"1280\" height=\"853\" src=\"https:\/\/www.europesays.com\/pt\/wp-content\/uploads\/2026\/01\/reforma_amplicacao_ubs_tamoio-27-1280x853.jpg\" alt=\"\" class=\"wp-image-372374\"  \/>Durante a obra, os atendimentos seguem em funcionamento normal na UBS<\/p>\n<p>A secret\u00e1ria municipal de Promo\u00e7\u00e3o da Sa\u00fade, M\u00e1rcia Facci, tamb\u00e9m destaca o impacto do projeto. \u201cEste \u00e9 um equipamento fundamental para a regi\u00e3o leste do munic\u00edpio. Com planejamento e cuidado, estamos expandindo os servi\u00e7os de sa\u00fade de forma integral, universal, equ\u00e2nime e descentralizada, conforme os princ\u00edpios do SUS\u201d, afirmou.<\/p>\n<p><strong>Assessoria de Imprensa<br \/>Fotos: Fot\u00f3grafo PMJ<\/strong><\/p>\n<p>Link original: https:\/\/jundiai.sp.gov.br\/noticias\/2026\/01\/12\/obra-de-reforma-e-ampliacao-da-ubs-tamoio-avanca-sem-interrupcao-nos-atendimentos\/<\/p>\n<p class=\"widget-titulo galeria-titulo no-print\">Galeria<\/p>\n<p class=\"galeria-descricao no-print\">Baixe as fotos desta not\u00edcia na resolu\u00e7\u00e3o original<\/p>\n<p>\t<br class=\"clear\"\/><\/p>\n","protected":false},"excerpt":{"rendered":"Obra de reforma e amplia\u00e7\u00e3o da UBS Tamoio avan\u00e7a sem interrup\u00e7\u00e3o nos atendimentos Publicada em 12\/01\/2026 \u00e0s 08:00&hellip;\n","protected":false},"author":2,"featured_media":225935,"comment_status":"","ping_status":"","sticky":false,"template":"","format":"standard","meta":{"footnotes":""},"categories":[86],"tags":[116,32,33,117],"class_list":{"0":"post-225934","1":"post","2":"type-post","3":"status-publish","4":"format-standard","5":"has-post-thumbnail","7":"category-saude","8":"tag-health","9":"tag-portugal","10":"tag-pt","11":"tag-saude"},"share_on_mastodon":{"url":"https:\/\/pubeurope.com\/@pt\/115881868340106417","error":""},"_links":{"self":[{"href":"https:\/\/www.europesays.com\/pt\/wp-json\/wp\/v2\/posts\/225934","targetHints":{"allow":["GET"]}}],"collection":[{"href":"https:\/\/www.europesays.com\/pt\/wp-json\/wp\/v2\/posts"}],"about":[{"href":"https:\/\/www.europesays.com\/pt\/wp-json\/wp\/v2\/types\/post"}],"author":[{"embeddable":true,"href":"https:\/\/www.europesays.com\/pt\/wp-json\/wp\/v2\/users\/2"}],"replies":[{"embeddable":true,"href":"https:\/\/www.europesays.com\/pt\/wp-json\/wp\/v2\/comments?post=225934"}],"version-history":[{"count":0,"href":"https:\/\/www.europesays.com\/pt\/wp-json\/wp\/v2\/posts\/225934\/revisions"}],"wp:featuredmedia":[{"embeddable":true,"href":"https:\/\/www.europesays.com\/pt\/wp-json\/wp\/v2\/media\/225935"}],"wp:attachment":[{"href":"https:\/\/www.europesays.com\/pt\/wp-json\/wp\/v2\/media?parent=225934"}],"wp:term":[{"taxonomy":"category","embeddable":true,"href":"https:\/\/www.europesays.com\/pt\/wp-json\/wp\/v2\/categories?post=225934"},{"taxonomy":"post_tag","embeddable":true,"href":"https:\/\/www.europesays.com\/pt\/wp-json\/wp\/v2\/tags?post=225934"}],"curies":[{"name":"wp","href":"https:\/\/api.w.org\/{rel}","templated":true}]}}