{"id":225938,"date":"2026-01-12T11:25:08","date_gmt":"2026-01-12T11:25:08","guid":{"rendered":"https:\/\/www.europesays.com\/pt\/225938\/"},"modified":"2026-01-12T11:25:08","modified_gmt":"2026-01-12T11:25:08","slug":"brasil-faz-historia-nos-globos-com-wagner-moura-e-o-agente-secreto","status":"publish","type":"post","link":"https:\/\/www.europesays.com\/pt\/225938\/","title":{"rendered":"Brasil faz hist\u00f3ria nos Globos com Wagner Moura e &#8220;O Agente Secreto&#8221;"},"content":{"rendered":"<p>&#8220;O Agente Secreto \u00e9 um filme sobre mem\u00f3ria, a falta de mem\u00f3ria e trauma geracional&#8221;, disse Wagner Moura, ao aceitar o Globo de Ouro. &#8220;Se o trauma pode ser passado de gera\u00e7\u00e3o em gera\u00e7\u00e3o, os valores tamb\u00e9m podem&#8221;, continuou, dedicando o pr\u00e9mio aos que continuam a &#8220;defender os seus valores em momentos dif\u00edceis&#8221;.\u00a0<\/p>\n<p>Foi a primeira vez que o Globo de Ouro de Melhor Ator foi entregue a um brasileiro. Moura, que venceu numa categoria onde tamb\u00e9m estavam Michael B. Jordan, Dwayne Johnson, Joel Edgerton, Oscar Isaac e Jeremy Allen White, terminou o discurso falando em portugu\u00eas para toda a gente no Brasil que assistiu \u00e0 cerim\u00f3nia.<\/p>\n<p>&#8220;Dedico isto aos cineastas jovens&#8221;, tinha dito, minutos antes, o realizador Kl\u00e9ber Mendon\u00e7a Filho, ao receber o Globo de Ouro para Melhor Filme em L\u00edngua N\u00e3o Inglesa. &#8220;Este \u00e9 um momento muito importante na Hist\u00f3ria para fazer filmes, tanto aqui nos Estados Unidos como no Brasil&#8221;, afirmou, em ingl\u00eas.\u00a0<\/p>\n<p>&#8220;O Agente Secreto&#8221; tamb\u00e9m estava nomeado para Melhor Filme Dram\u00e1tico, mas perdeu a estatueta para &#8220;Hamnet&#8221;, o filme de \u00e9poca realizado por Chlo\u00e9 Zhao sobre a vida privada de William Shakespeare.\u00a0<\/p>\n<p>A realizadora lembrou palavras do protagonista, Paul Mescal, que lhe disse que a coisa mais importante no artista \u00e9 ser vulner\u00e1vel o suficiente para poder ser visto realmente como \u00e9.\u00a0<\/p>\n<p>&#8220;Tantos de voc\u00eas tornaram-se fortes e suaves ao mesmo tempo&#8221;, disse Zhao, dirigindo-se aos cineastas da sala. &#8220;Vamos deixar que nos vejam&#8221;, acrescentou. A protagonista do filme, Jessie Buckley, tamb\u00e9m levou para casa o Globo de Melhor Atriz em Filme Dram\u00e1tico.\u00a0<\/p>\n<p>O outro grande vencedor da noite, que marcou a 83\u00aa edi\u00e7\u00e3o dos pr\u00e9mios, foi &#8220;Batalha Atr\u00e1s de Batalha&#8221;, que levou para casa as estatuetas de Melhor Filme Musical ou Com\u00e9dia, Melhor Argumento, Melhor Realizador para Paul Thomas Anderson e Melhor Atriz Secund\u00e1ria para Teyana Taylor.\u00a0<\/p>\n<p>&#8220;O prop\u00f3sito encontra sempre o seu momento&#8221;, afirmou a atriz, que foi a primeira vencedora da noite em Los Angeles. &#8220;A nossa luz n\u00e3o precisa de permiss\u00e3o para brilhar&#8221;, disse, dirigindo-se \u00e0s &#8220;irm\u00e3s e raparigas de cor&#8221; que a viram triunfar na cerim\u00f3nia.\u00a0<\/p>\n<p>Na categoria de Musical ou Com\u00e9dia, Rose Byrne foi a Melhor Atriz por &#8220;If I had Legs I&#8217;d Kick You&#8221; e Timoth\u00e9e Chalamet foi Melhor Ator por &#8220;Marty Supreme&#8221;.\u00a0<\/p>\n<p>J\u00e1 Stellan Skarsgard emergiu vitorioso como Melhor Ator Secund\u00e1rio por &#8220;Valor Sentimental&#8221;, um filme independente falado em noruegu\u00eas que se tornou num dos favoritos do ano.\u00a0<\/p>\n<p>Mas um dos mais cotados, &#8220;Sinners&#8221;, acabou por levar para casa apenas dois Globos de Ouro: o de Melhor Banda Sonora, da autoria de Ludwig G\u00f6ransson, e Conquista Cinem\u00e1tica e de Bilheteira.\u00a0<\/p>\n<p>Na anima\u00e7\u00e3o, &#8220;KPop Demon Hunters&#8221;, da Netflix, levou o pr\u00e9mio para casa, juntamente com Melhor Can\u00e7\u00e3o Original, com &#8220;Golden&#8221;.<\/p>\n<p>                                                    Eis a lista de vencedores nas categorias de Cinema:\u00a0<\/p>\n<p>Melhor Realizador<\/p>\n<p>Paul Thomas Anderson, &#8220;Batalha Atr\u00e1s de Batalha&#8221; (Warner Bros.)<\/p>\n<p>Melhor Argumento<\/p>\n<p>Paul Thomas Anderson, &#8220;Batalha Atr\u00e1s de Batalha&#8221; (Warner Bros.)<\/p>\n<p>Melhor Filme Dram\u00e1tico<\/p>\n<p>&#8220;Hamnet&#8221; (Focus Features)<\/p>\n<p>Melhor Atriz em Filme Dram\u00e1tico<\/p>\n<p>Jessie Buckley, &#8220;Hamnet&#8221; (Focus Features)<\/p>\n<p>Melhor Ator em Filme Dram\u00e1tico<\/p>\n<p>Wagner Moura, &#8220;O Agente Secreto&#8221;\u00a0<\/p>\n<p>Melhor Atriz Secund\u00e1ria em Filme\u00a0<\/p>\n<p>Teyana Taylor, &#8220;Batalha Atr\u00e1s de Batalha&#8221; (Warner Bros)<\/p>\n<p>Melhor Ator Secund\u00e1rio em Filme\u00a0<\/p>\n<p>Stellan Skarsg\u00e5rd, &#8220;Valor Sentimental&#8221; (Neon)<\/p>\n<p>Melhor Filme Musical ou Com\u00e9dia<\/p>\n<p>&#8220;Batalha Atr\u00e1s de Batalha&#8221; (Warner Bros)<\/p>\n<p>Melhor Atriz em Filme musical ou com\u00e9dia<\/p>\n<p>Rose Byrne, &#8220;If I Had Legs I&#8217;d Kick You&#8221; (A24)<\/p>\n<p>Melhor Ator em Filme musical ou com\u00e9dia<\/p>\n<p>Timoth\u00e9e Chalamet, &#8220;Marty Supreme&#8221; (A24)<\/p>\n<p>Melhor Filme de Anima\u00e7\u00e3o<\/p>\n<p>&#8220;KPop Demon Hunters&#8221; (Netflix)<\/p>\n<p>Melhor Filme em L\u00edngua N\u00e3o Inglesa\u00a0<\/p>\n<p>&#8220;O Agente Secreto&#8221;, Brasil (Neon)<\/p>\n<p>Melhor Can\u00e7\u00e3o Original<\/p>\n<p>&#8220;Golden&#8221;, &#8220;KPop Demon Hunters&#8221; (Netflix)<\/p>\n<p>Melhor Banda Sonora<\/p>\n<p>Ludwig G\u00f6ransson, &#8220;Sinners&#8221; (Warner Bros)<\/p>\n<p>Conquista cinem\u00e1tica e de bilheteira<\/p>\n<p>&#8220;Sinners&#8221; (Warner Bros.)<\/p>\n<p>Leia Tamb\u00e9m: <a href=\"https:\/\/www.noticiasaominuto.com\/fama\/2917268\/premios-globos-de-ouro-sao-entregues-hoje-em-hollywood\" target=\"_blank\" rel=\"noopener noreferrer nofollow\">Globos de Ouro entregues hoje em Hollywood. Quais s\u00e3o os mais nomeados?<\/a><\/p>\n","protected":false},"excerpt":{"rendered":"&#8220;O Agente Secreto \u00e9 um filme sobre mem\u00f3ria, a falta de mem\u00f3ria e trauma geracional&#8221;, disse Wagner Moura,&hellip;\n","protected":false},"author":2,"featured_media":225939,"comment_status":"","ping_status":"","sticky":false,"template":"","format":"standard","meta":{"footnotes":""},"categories":[50],"tags":[27,28,15,16,14,25,26,21,22,62,12,13,19,20,23,24,17,18,29,30,31,63,64,65],"class_list":{"0":"post-225938","1":"post","2":"type-post","3":"status-publish","4":"format-standard","5":"has-post-thumbnail","7":"category-mundo","8":"tag-breaking-news","9":"tag-breakingnews","10":"tag-featured-news","11":"tag-featurednews","12":"tag-headlines","13":"tag-latest-news","14":"tag-latestnews","15":"tag-main-news","16":"tag-mainnews","17":"tag-mundo","18":"tag-news","19":"tag-noticias","20":"tag-noticias-principais","21":"tag-noticiasprincipais","22":"tag-principais-noticias","23":"tag-principaisnoticias","24":"tag-top-stories","25":"tag-topstories","26":"tag-ultimas","27":"tag-ultimas-noticias","28":"tag-ultimasnoticias","29":"tag-world","30":"tag-world-news","31":"tag-worldnews"},"share_on_mastodon":{"url":"https:\/\/pubeurope.com\/@pt\/115881883969891394","error":""},"_links":{"self":[{"href":"https:\/\/www.europesays.com\/pt\/wp-json\/wp\/v2\/posts\/225938","targetHints":{"allow":["GET"]}}],"collection":[{"href":"https:\/\/www.europesays.com\/pt\/wp-json\/wp\/v2\/posts"}],"about":[{"href":"https:\/\/www.europesays.com\/pt\/wp-json\/wp\/v2\/types\/post"}],"author":[{"embeddable":true,"href":"https:\/\/www.europesays.com\/pt\/wp-json\/wp\/v2\/users\/2"}],"replies":[{"embeddable":true,"href":"https:\/\/www.europesays.com\/pt\/wp-json\/wp\/v2\/comments?post=225938"}],"version-history":[{"count":0,"href":"https:\/\/www.europesays.com\/pt\/wp-json\/wp\/v2\/posts\/225938\/revisions"}],"wp:featuredmedia":[{"embeddable":true,"href":"https:\/\/www.europesays.com\/pt\/wp-json\/wp\/v2\/media\/225939"}],"wp:attachment":[{"href":"https:\/\/www.europesays.com\/pt\/wp-json\/wp\/v2\/media?parent=225938"}],"wp:term":[{"taxonomy":"category","embeddable":true,"href":"https:\/\/www.europesays.com\/pt\/wp-json\/wp\/v2\/categories?post=225938"},{"taxonomy":"post_tag","embeddable":true,"href":"https:\/\/www.europesays.com\/pt\/wp-json\/wp\/v2\/tags?post=225938"}],"curies":[{"name":"wp","href":"https:\/\/api.w.org\/{rel}","templated":true}]}}