{"id":225942,"date":"2026-01-12T11:27:13","date_gmt":"2026-01-12T11:27:13","guid":{"rendered":"https:\/\/www.europesays.com\/pt\/225942\/"},"modified":"2026-01-12T11:27:13","modified_gmt":"2026-01-12T11:27:13","slug":"irao-esta-disposto-a-negociar-e-trump-diz-que-esta-a-ser-marcada-uma-reuniao-medio-oriente","status":"publish","type":"post","link":"https:\/\/www.europesays.com\/pt\/225942\/","title":{"rendered":"Ir\u00e3o est\u00e1 disposto a \u201cnegociar\u201d e Trump diz que est\u00e1 a ser marcada uma \u201creuni\u00e3o\u201d | M\u00e9dio Oriente"},"content":{"rendered":"<p>Os l\u00edderes iranianos estar\u00e3o a manter \u201cas linhas de comunica\u00e7\u00e3o abertas\u201d com Donald Trump para negociar. A confirma\u00e7\u00e3o surge depois de o Presidente dos EUA ter amea\u00e7ado com uma poss\u00edvel ac\u00e7\u00e3o militar, numa altura em que os protestos em massa contra o Governo iraniano entram na sua terceira semana.<\/p>\n<p>A informa\u00e7\u00e3o foi primeiro avan\u00e7ada pelo pr\u00f3prio Presidente norte-americano, a bordo do seu Air Force One, no domingo: \u201cOs l\u00edderes iranianos ligaram\u201d no s\u00e1bado, avan\u00e7ou, acrescentando que est\u00e1 a \u201cser planeada uma reuni\u00e3o\u201d e que \u201celes querem negociar\u201d o seu programa nuclear, que motivou bombardeamentos norte-americanos e israelitas durante a chamada \u201cGuerra dos 12 dias\u201d, <a href=\"https:\/\/www.publico.pt\/2025\/06\/13\/mundo\/noticia\/israel-ataca-instalacoes-nucleares-irao-mata-comandante-guarda-revolucionaria-2136517\" target=\"_blank\" rel=\"nofollow noopener\">em Junho<\/a>.<\/p>\n<p>Mais tarde, j\u00e1 nesta segunda-feira, a Reuters escrevia que um porta-voz do Minist\u00e9rio dos Neg\u00f3cios Estrangeiros iraniano, Esmaeil Baghaei, afirmou que os dois pa\u00edses mant\u00eam as linhas de comunica\u00e7\u00e3o \u201cabertas\u201d, e que podem falar atrav\u00e9s de enviados especiais norte-americanos ou intermedi\u00e1rios como a Su\u00ed\u00e7a. A mesma fonte, em resposta a uma pergunta dos jornalistas sobre o contacto com os EUA, disse que tem havido \u201cmensagens contradit\u00f3rias\u201d que causaram ambiguidade e que o Ir\u00e3o continuava comprometido com a diplomacia.<\/p>\n<p>Depois de, <a href=\"https:\/\/www.publico.pt\/2026\/01\/10\/mundo\/noticia\/irao-quer-liberdade-eua-estao-prontos-ajudar-trump-2160773\" target=\"_blank\" rel=\"nofollow noopener\">no s\u00e1bado<\/a>, Trump ter escrito nas redes sociais que o Ir\u00e3o \u201cprocura liberdade, talvez como nunca antes\u201d e que os EUA estavam dispostos a ajudar, o Presidente norte-americano afirmou, no domingo, que estava a receber actualiza\u00e7\u00f5es de hora a hora sobre os protestos, que as \u201cFor\u00e7as Armadas est\u00e3o a olhar para isso\u201d e que ir\u00e1 \u201ctomar uma decis\u00e3o\u201d.<\/p>\n<p>        &#13;<\/p>\n<p>&#13;<br \/>\n                &#13;\n            <\/p>\n<p>&#13;<\/p>\n<p>Apesar de haver uma reuni\u00e3o com v\u00e1rios membros do seu Governo marcada para o in\u00edcio desta semana, Trump alertou para a possibilidade de ter \u201cde agir antes \u201d. \u201cMorreram muitas pessoas que n\u00e3o era suposto terem morrido\u201d, disse Trump. \u201cAlguns manifestantes morreram espezinhados; eram muitos. E alguns foram baleados.\u201d<\/p>\n<p>\u201cS\u00e3o violentos, se lhes chamares lideres. N\u00e3o sei se os seus l\u00edderes querem governar apesar da viol\u00eancia, mas estamos a olhar para isso de forma s\u00e9ria\u201d, afirmou.<\/p>\n<p>De acordo com o <a href=\"https:\/\/www.wsj.com\/world\/middle-east\/weakened-by-war-irans-regime-faces-its-toughest-challenge-yet-3a804570?mod=hp_lead_pos1\" target=\"_blank\" rel=\"nofollow noopener\">Wall Street Journal<\/a>, entre as op\u00e7\u00f5es a serem estudadas est\u00e3o op\u00e7\u00f5es militares \u2014 incluindo ciberataques \u2014, o aumento das san\u00e7\u00f5es ou interven\u00e7\u00e3o online para ajudar fontes da oposi\u00e7\u00e3o. O <a href=\"https:\/\/www.washingtonpost.com\/world\/2026\/01\/12\/iran-protests-trump-talks\/\" target=\"_blank\" rel=\"nofollow noopener\">Washington Post<\/a>, que tamb\u00e9m cita fontes pr\u00f3ximas, diz que o Presidente ainda n\u00e3o escolheu uma op\u00e7\u00e3o.<\/p>\n<p>Trump parece convencido de que o Ir\u00e3o leva as suas amea\u00e7as a s\u00e9rio depois de \u201canos\u201d a lidar com o pa\u00eds, citando algumas das suas vit\u00f3rias b\u00e9licas, como as mortes do general da Guarda Revolucion\u00e1ria <a href=\"https:\/\/www.publico.pt\/2020\/01\/03\/mundo\/perfil\/qassem-soleimani-homem-poderoso-medio-oriente-1899102\" rel=\"nofollow noopener\" target=\"_blank\">Qasem Soleimani,<\/a> do l\u00edder do Estado Isl\u00e2mico <a href=\"https:\/\/www.publico.pt\/2019\/10\/27\/mundo\/noticia\/lider-daesh-tera-morrido-operacao-militar-eua-siria-1891548\" rel=\"nofollow noopener\" target=\"_blank\">Abu Bakr al-Baghdadi <\/a>e &#8220;a diminui\u00e7\u00e3o da amea\u00e7a nuclear iraniana&#8221;, depois da guerra dos 12 dias.<\/p>\n<p>\u201cUma desculpa\u201d<\/p>\n<p>O respons\u00e1vel pela diplomacia iraniana, Abbas Araghchi, acredita, por seu turno, que os protestos \u2013 que come\u00e7aram como uma cr\u00edtica ao aumento do custo de vida no pa\u00eds, mas agora s\u00e3o um protesto em larga escala contra o Governo \u2013 se tornaram violentos \u201cpara dar uma desculpa\u201d para a interven\u00e7\u00e3o militar norte-americana.<\/p>\n<p>Araghchi diz que o aviso de Trump motivou \u201cterroristas\u201d a atacar \u201cmanifestantes e for\u00e7as de seguran\u00e7a\u201d, de acordo com o que escreve a <a href=\"https:\/\/www.aljazeera.com\/news\/2026\/1\/12\/irans-fm-says-protests-became-bloody-to-give-trump-intervention-excuse\" target=\"_blank\" rel=\"nofollow noopener\">Al Jazeera<\/a>, depois de um encontro com diplomatas estrangeiros em Teer\u00e3o.<\/p>\n<p>Mant\u00e9m que a situa\u00e7\u00e3o est\u00e1 \u201csob controlo total\u201d, apesar de a Internet estar cortada, impedindo a confirma\u00e7\u00e3o dessa afirma\u00e7\u00e3o, e de alguns activistas darem conta de centenas de mortos e dezenas de milhares de detidos.<\/p>\n<p>O presidente do Parlamento do Ir\u00e3o avisou os EUA para n\u00e3o ca\u00edrem \u201cnum erro de c\u00e1lculo\u201d: \u201cVamos ser claros: no caso de um ataque contra o Ir\u00e3o, os territ\u00f3rios ocupados [Israel], as bases norte-americanas e os seus navios v\u00e3o ser os nossos alvos leg\u00edtimos\u201d, disse Mohammad Baqer Qalibaf no domingo.<\/p>\n<p>Um diplomata iraniano que falou com o Washington Post disse acreditar que agentes dos servi\u00e7os secretos israelitas se infiltraram nos protestos para fomentar a viol\u00eancia: \u201cN\u00e3o h\u00e1 outra op\u00e7\u00e3o para o Governo iraniano sen\u00e3o fechar o acesso aos servi\u00e7os de Internet\u201d para impedir a \u201ccomunica\u00e7\u00e3o de c\u00e9lulas terroristas\u201d.<\/p>\n<p>O primeiro-ministro israelita Benjamin Netanyahu disse, este domingo, estar a \u201cmonitorizar\u201d o que estava a acontecer no Ir\u00e3o e acrescentou que os israelitas reconheciam a \u201ccoragem imensa\u201d dos iranianos. De acordo com tr\u00eas fontes israelitas que falaram com a Reuters, e que estiveram presentes nas reuni\u00f5es de seguran\u00e7a durante o fim-de-semana, Israel estava em <a href=\"https:\/\/www.publico.pt\/2026\/01\/11\/mundo\/noticia\/repressao-protestos-irao-provoca-menos-116-mortos-2160786\" target=\"_blank\" rel=\"nofollow noopener\">alerta m\u00e1ximo<\/a> para a possibilidade de uma interven\u00e7\u00e3o norte-americana.<\/p>\n<p>        &#13;<\/p>\n<p>&#13;<br \/>\n                &#13;\n            <\/p>\n<p>&#13;<\/p>\n<p>De acordo com alguns analistas, essa poss\u00edvel interven\u00e7\u00e3o poder\u00e1 ter um impacto limitado: \u201cO regime est\u00e1 enfraquecido, mas continua quase brutalmente intacto\u201d, disse H. A. Hellyer, analista do Royal United Services Institute, <a href=\"https:\/\/edition.cnn.com\/2026\/01\/11\/middleeast\/iran-regime-clings-to-power-protests-hnk-latam-intl\" target=\"_blank\" rel=\"nofollow noopener\">\u00e0 CNN<\/a>.<\/p>\n<p>Por outro lado, h\u00e1 quem tenha d\u00favidas que os protestos sejam o suficiente para mudar o regime iraniano: \u201cAcho que \u00e9 mais prov\u00e1vel que o Governo acabe com estes protestos e saia do processo muito mais enfraquecido\u201d, disse Alan Eyre, antigo diplomata norte-americano e especialista no Ir\u00e3o, que acrescentou que as elites iranianas ainda estavam coesas e que n\u00e3o havia sinais de uma oposi\u00e7\u00e3o organizada.<\/p>\n","protected":false},"excerpt":{"rendered":"Os l\u00edderes iranianos estar\u00e3o a manter \u201cas linhas de comunica\u00e7\u00e3o abertas\u201d com Donald Trump para negociar. A confirma\u00e7\u00e3o&hellip;\n","protected":false},"author":2,"featured_media":225943,"comment_status":"","ping_status":"","sticky":false,"template":"","format":"standard","meta":{"footnotes":""},"categories":[8],"tags":[27,28,6195,92,413,15,16,14,5453,25,26,21,22,432,62,12,13,19,20,32,23,24,33,17,18,29,30,31],"class_list":{"0":"post-225942","1":"post","2":"type-post","3":"status-publish","4":"format-standard","5":"has-post-thumbnail","7":"category-principais-noticias","8":"tag-breaking-news","9":"tag-breakingnews","10":"tag-conflitos","11":"tag-donald-trump","12":"tag-eua","13":"tag-featured-news","14":"tag-featurednews","15":"tag-headlines","16":"tag-irao","17":"tag-latest-news","18":"tag-latestnews","19":"tag-main-news","20":"tag-mainnews","21":"tag-medio-oriente","22":"tag-mundo","23":"tag-news","24":"tag-noticias","25":"tag-noticias-principais","26":"tag-noticiasprincipais","27":"tag-portugal","28":"tag-principais-noticias","29":"tag-principaisnoticias","30":"tag-pt","31":"tag-top-stories","32":"tag-topstories","33":"tag-ultimas","34":"tag-ultimas-noticias","35":"tag-ultimasnoticias"},"share_on_mastodon":{"url":"https:\/\/pubeurope.com\/@pt\/115881892079931579","error":""},"_links":{"self":[{"href":"https:\/\/www.europesays.com\/pt\/wp-json\/wp\/v2\/posts\/225942","targetHints":{"allow":["GET"]}}],"collection":[{"href":"https:\/\/www.europesays.com\/pt\/wp-json\/wp\/v2\/posts"}],"about":[{"href":"https:\/\/www.europesays.com\/pt\/wp-json\/wp\/v2\/types\/post"}],"author":[{"embeddable":true,"href":"https:\/\/www.europesays.com\/pt\/wp-json\/wp\/v2\/users\/2"}],"replies":[{"embeddable":true,"href":"https:\/\/www.europesays.com\/pt\/wp-json\/wp\/v2\/comments?post=225942"}],"version-history":[{"count":0,"href":"https:\/\/www.europesays.com\/pt\/wp-json\/wp\/v2\/posts\/225942\/revisions"}],"wp:featuredmedia":[{"embeddable":true,"href":"https:\/\/www.europesays.com\/pt\/wp-json\/wp\/v2\/media\/225943"}],"wp:attachment":[{"href":"https:\/\/www.europesays.com\/pt\/wp-json\/wp\/v2\/media?parent=225942"}],"wp:term":[{"taxonomy":"category","embeddable":true,"href":"https:\/\/www.europesays.com\/pt\/wp-json\/wp\/v2\/categories?post=225942"},{"taxonomy":"post_tag","embeddable":true,"href":"https:\/\/www.europesays.com\/pt\/wp-json\/wp\/v2\/tags?post=225942"}],"curies":[{"name":"wp","href":"https:\/\/api.w.org\/{rel}","templated":true}]}}