{"id":225946,"date":"2026-01-12T11:31:08","date_gmt":"2026-01-12T11:31:08","guid":{"rendered":"https:\/\/www.europesays.com\/pt\/225946\/"},"modified":"2026-01-12T11:31:08","modified_gmt":"2026-01-12T11:31:08","slug":"exclusivo-amor-a-prova-cris-avanca-com-o-transplante-para-salvar-nico-novelas","status":"publish","type":"post","link":"https:\/\/www.europesays.com\/pt\/225946\/","title":{"rendered":"Exclusivo \u00abAmor \u00e0 Prova\u00bb: Cris avan\u00e7a com o transplante para salvar Nico &#8211; Novelas"},"content":{"rendered":"<p>Em \u00abAmor \u00e0 Prova\u00bb, <a href=\"https:\/\/tvi.iol.pt\/novelas\/videos\/revelacao-inesperada-em-amor-a-prova-o-nico-e-adotado\/695b902b0cf2559133785e4a\" rel=\"nofollow noopener\" target=\"_blank\">Alice (Mafalda Marafusta)<\/a> e Tom\u00e1s (Jo\u00e3o Jesus) est\u00e3o em frente a David (Diogo Amaral), ansiosos por saber not\u00edcias do filho. David diz que as not\u00edcias n\u00e3o s\u00e3o as melhores e eles desesperam.<\/p>\n<p>Alice quase tem um ataque de ansiedade, depois de David lhe dizer que a quimioterapia n\u00e3o est\u00e1 a correr como esperavam. David diz que t\u00eam de ser pr\u00e1ticos e atualizar Cris sobre a situa\u00e7\u00e3o. Alice diz que ele est\u00e1 na rece\u00e7\u00e3o e David quer falar com ele o mais r\u00e1pido poss\u00edvel.<\/p>\n<p>\u00a0Cris n\u00e3o gostou da forma como Afonso falou com ele e quer esclarecer as coisas. Lembra que n\u00e3o p\u00f4s nenhum obst\u00e1culo para salvar Nico (Salvador Biernat) e s\u00f3 quer ajudar, mas h\u00e1 uma coisa que ningu\u00e9m pode mudar, que \u00e9 ele ser o pai de Nico. Tom\u00e1s fica contente por Cris estar ali e informa-o de que t\u00eam de avan\u00e7ar com o transplante.<\/p>\n<p>\u00a0Tom\u00e1s entra com Cris (Jos\u00e9 Condessa), que diz estar dispon\u00edvel para fazer o transplante. David explica que Nico precisa de estabilizar, mas pede a Cris para se manter contact\u00e1vel e saud\u00e1vel. Cris d\u00e1 um toque em Alice para lhe dar for\u00e7a e Tom\u00e1s repara. Cris vai embora e Alice pede a David para a deixar ver o filho.<\/p>\n<p>Recorde o momento em que Cris soube que poderia ser pai:<\/p>\n","protected":false},"excerpt":{"rendered":"Em \u00abAmor \u00e0 Prova\u00bb, Alice (Mafalda Marafusta) e Tom\u00e1s (Jo\u00e3o Jesus) est\u00e3o em frente a David (Diogo Amaral),&hellip;\n","protected":false},"author":2,"featured_media":225947,"comment_status":"","ping_status":"","sticky":false,"template":"","format":"standard","meta":{"footnotes":""},"categories":[142],"tags":[979,17049,160,41057,166,42873,2663,114,115,157,167,721,8203,164,42502,161,158,165,159,32,33,156,163,40030,151,162],"class_list":{"0":"post-225946","1":"post","2":"type-post","3":"status-publish","4":"format-standard","5":"has-post-thumbnail","7":"category-tv","8":"tag-alice","9":"tag-amor-a-prova","10":"tag-ana-guiomar","11":"tag-cris","12":"tag-cristina-ferreira","13":"tag-david","14":"tag-diogo-amaral","15":"tag-entertainment","16":"tag-entretenimento","17":"tag-festa-e-festa","18":"tag-ficcao","19":"tag-joao-jesus","20":"tag-jose-condessa","21":"tag-jose-fidalgo","22":"tag-mafalda-marafusta","23":"tag-novelas","24":"tag-para-sempre","25":"tag-pedro-sousa","26":"tag-pedro-teixeira","27":"tag-portugal","28":"tag-pt","29":"tag-queridos-papas","30":"tag-tiago-teotonio-pereira","31":"tag-tomas","32":"tag-tv","33":"tag-tvi"},"share_on_mastodon":{"url":"https:\/\/pubeurope.com\/@pt\/115881907515457628","error":""},"_links":{"self":[{"href":"https:\/\/www.europesays.com\/pt\/wp-json\/wp\/v2\/posts\/225946","targetHints":{"allow":["GET"]}}],"collection":[{"href":"https:\/\/www.europesays.com\/pt\/wp-json\/wp\/v2\/posts"}],"about":[{"href":"https:\/\/www.europesays.com\/pt\/wp-json\/wp\/v2\/types\/post"}],"author":[{"embeddable":true,"href":"https:\/\/www.europesays.com\/pt\/wp-json\/wp\/v2\/users\/2"}],"replies":[{"embeddable":true,"href":"https:\/\/www.europesays.com\/pt\/wp-json\/wp\/v2\/comments?post=225946"}],"version-history":[{"count":0,"href":"https:\/\/www.europesays.com\/pt\/wp-json\/wp\/v2\/posts\/225946\/revisions"}],"wp:featuredmedia":[{"embeddable":true,"href":"https:\/\/www.europesays.com\/pt\/wp-json\/wp\/v2\/media\/225947"}],"wp:attachment":[{"href":"https:\/\/www.europesays.com\/pt\/wp-json\/wp\/v2\/media?parent=225946"}],"wp:term":[{"taxonomy":"category","embeddable":true,"href":"https:\/\/www.europesays.com\/pt\/wp-json\/wp\/v2\/categories?post=225946"},{"taxonomy":"post_tag","embeddable":true,"href":"https:\/\/www.europesays.com\/pt\/wp-json\/wp\/v2\/tags?post=225946"}],"curies":[{"name":"wp","href":"https:\/\/api.w.org\/{rel}","templated":true}]}}