{"id":225954,"date":"2026-01-12T11:40:07","date_gmt":"2026-01-12T11:40:07","guid":{"rendered":"https:\/\/www.europesays.com\/pt\/225954\/"},"modified":"2026-01-12T11:40:07","modified_gmt":"2026-01-12T11:40:07","slug":"comite-nobel-noruegues-avisa-maria-corina-machado","status":"publish","type":"post","link":"https:\/\/www.europesays.com\/pt\/225954\/","title":{"rendered":"Comit\u00e9 Nobel Noruegu\u00eas avisa Mar\u00eda Corina Machado"},"content":{"rendered":"<p>        Declara\u00e7\u00e3o ocorre ap\u00f3s declara\u00e7\u00f5es da l\u00edder da oposi\u00e7\u00e3o venezuelana sobre a possibilidade de dividir distin\u00e7\u00e3o com Trump. Concess\u00e3o do Nobel \u00e9 definitiva e n\u00e3o pode ser revista ou contestada, diz organiza\u00e7\u00e3o.    <\/p>\n<p>epa12444140 (FILE) Maria Corina Machado participates in a public event in support of Edmundo Gonzalez Urrutia (not pictured), the presidential candidate of the main opposition coalition, the Democratic Unitary Platform (PUD), in Caracas, Venezuela, 31 May 2024 (reissued 10 October 2025). The Norwegian Nobel Committee has announced at the Norwegian Nobel Institute in Oslo, Norway, 10 October 2025, to award the Nobel Peace Prize for 2025 to Venezuelan opposition leader Maria Corina Machado.  EPA\/RONALD PENA R.<\/p>\n<p>O Comit\u00e9 Nobel Noruegu\u00eas afirmou no final da semana passada que o Pr\u00e9mio Nobel da Paz n\u00e3o pode ser transferido, partilhado ou revogado, ap\u00f3s declara\u00e7\u00f5es da l\u00edder da oposi\u00e7\u00e3o venezuelana <a href=\"https:\/\/www1.folha.uol.com.br\/folha-topicos\/maria-corina-machado\/\" rel=\"nofollow noopener\" target=\"_blank\">Mar\u00eda Corina Machado<\/a> sugerindo que <a href=\"https:\/\/www1.folha.uol.com.br\/blogs\/hashtag\/2026\/01\/memes-ironizam-sabujice-de-maria-corina-apos-ela-afirmar-que-dividiria-nobel-da-paz-com-trump.shtml\" target=\"\" rel=\"noopener nofollow\">poderia dar o Nobel de 2025 ao presidente dos Estados Unidos<\/a>, Donald Trump.<\/p>\n<p>Em comunicado, o comit\u00e9 disse que a decis\u00e3o de <a href=\"https:\/\/www1.folha.uol.com.br\/mundo\/2025\/10\/estou-em-choque-diz-maria-corina-machado-apos-receber-o-nobel-da-paz.shtml\" target=\"\" rel=\"noopener nofollow\">conceder um Pr\u00e9mio Nobel <\/a>\u00e9 final e permanente, citando os estatutos da Funda\u00e7\u00e3o Nobel, que n\u00e3o permitem recursos. A organiza\u00e7\u00e3o tamb\u00e9m observou que os comit\u00e9s que concedem os pr\u00e9mios n\u00e3o comentam sobre as a\u00e7\u00f5es ou declara\u00e7\u00f5es dos laureados ap\u00f3s receberem os pr\u00e9mios.<\/p>\n<p>\u201cUma vez que um Pr\u00e9mio Nobel \u00e9 anunciado, este n\u00e3o pode ser revogado, partilhado ou transferido para outros\u201d, disseram o Comit\u00e9 Nobel Noruegu\u00eas e o Instituto Nobel Noruegu\u00eas. \u201cA decis\u00e3o \u00e9 final e permanece para sempre.\u201d<\/p>\n<p>No in\u00edcio da semana passada, Machado, em entrevista \u00e0 Fox News, disse que apresentar o pr\u00e9mio a Trump seria um ato de gratid\u00e3o do povo venezuelano pela remo\u00e7\u00e3o de Nicol\u00e1s Maduro, ditador do pa\u00eds, que foi <a href=\"https:\/\/www1.folha.uol.com.br\/mundo\/2026\/01\/venezuela-acusa-eua-de-realizarem-ataques-militares-em-caracas-e-outras-partes-do-pais.shtml\" target=\"\" rel=\"noopener nofollow\">capturado na semana passada pelos Estados Unidos<\/a>.<\/p>\n<p>\u201cEm algum momento pensou oferecer o Pr\u00e9mio Nobel da Paz?\u201d perguntou Hannity. \u201cIsso realmente aconteceu?\u201d. Corina Machado\u00a0respondeu: \u201cBem, ainda n\u00e3o aconteceu.\u201d<\/p>\n<p>Trump,\u00a0<a href=\"https:\/\/www1.folha.uol.com.br\/mundo\/2025\/08\/atras-do-nobel-da-paz-trump-recria-o-departamento-da-guerra.shtml\" target=\"\" rel=\"noopener nofollow\">que h\u00e1 muito tempo expressa interesse em ganhar o pr\u00e9mio <\/a>e \u00e0s vezes o vincula a conquistas diplom\u00e1ticas, disse que ficaria honrado em aceitar o pr\u00e9mio se oferecido por Mar\u00eda Corina durante uma reuni\u00e3o planejada em Washington na pr\u00f3xima semana.<\/p>\n<p>Ex-deputada da Assembleia Nacional, Mar\u00eda Corina Machado foi impedida de concorrer na elei\u00e7\u00e3o geral venezuelana de 2024 por autoridades alinhadas com Maduro.<\/p>\n<p>Machado apoiou um candidato substituto, Edmundo Gonz\u00e1lez, considerado vencedor por grande parte da comunidade internacional. Maduro reivindicou a vit\u00f3ria, chancelada pela Justi\u00e7a, que \u00e9 aparelhada pelo regime. Auditorias de votos por observadores independentes mostraram ind\u00edcios de fraude.<\/p>\n","protected":false},"excerpt":{"rendered":"Declara\u00e7\u00e3o ocorre ap\u00f3s declara\u00e7\u00f5es da l\u00edder da oposi\u00e7\u00e3o venezuelana sobre a possibilidade de dividir distin\u00e7\u00e3o com Trump. Concess\u00e3o&hellip;\n","protected":false},"author":2,"featured_media":185384,"comment_status":"","ping_status":"","sticky":false,"template":"","format":"standard","meta":{"footnotes":""},"categories":[50],"tags":[27,28,15,16,14,25,26,21,22,29493,62,12,24802,13,19,20,23,24,17,18,29,30,31,63,64,65],"class_list":{"0":"post-225954","1":"post","2":"type-post","3":"status-publish","4":"format-standard","5":"has-post-thumbnail","7":"category-mundo","8":"tag-breaking-news","9":"tag-breakingnews","10":"tag-featured-news","11":"tag-featurednews","12":"tag-headlines","13":"tag-latest-news","14":"tag-latestnews","15":"tag-main-news","16":"tag-mainnews","17":"tag-maria-corina-machado","18":"tag-mundo","19":"tag-news","20":"tag-nobel-da-paz","21":"tag-noticias","22":"tag-noticias-principais","23":"tag-noticiasprincipais","24":"tag-principais-noticias","25":"tag-principaisnoticias","26":"tag-top-stories","27":"tag-topstories","28":"tag-ultimas","29":"tag-ultimas-noticias","30":"tag-ultimasnoticias","31":"tag-world","32":"tag-world-news","33":"tag-worldnews"},"share_on_mastodon":{"url":"https:\/\/pubeurope.com\/@pt\/115881942967940039","error":""},"_links":{"self":[{"href":"https:\/\/www.europesays.com\/pt\/wp-json\/wp\/v2\/posts\/225954","targetHints":{"allow":["GET"]}}],"collection":[{"href":"https:\/\/www.europesays.com\/pt\/wp-json\/wp\/v2\/posts"}],"about":[{"href":"https:\/\/www.europesays.com\/pt\/wp-json\/wp\/v2\/types\/post"}],"author":[{"embeddable":true,"href":"https:\/\/www.europesays.com\/pt\/wp-json\/wp\/v2\/users\/2"}],"replies":[{"embeddable":true,"href":"https:\/\/www.europesays.com\/pt\/wp-json\/wp\/v2\/comments?post=225954"}],"version-history":[{"count":0,"href":"https:\/\/www.europesays.com\/pt\/wp-json\/wp\/v2\/posts\/225954\/revisions"}],"wp:featuredmedia":[{"embeddable":true,"href":"https:\/\/www.europesays.com\/pt\/wp-json\/wp\/v2\/media\/185384"}],"wp:attachment":[{"href":"https:\/\/www.europesays.com\/pt\/wp-json\/wp\/v2\/media?parent=225954"}],"wp:term":[{"taxonomy":"category","embeddable":true,"href":"https:\/\/www.europesays.com\/pt\/wp-json\/wp\/v2\/categories?post=225954"},{"taxonomy":"post_tag","embeddable":true,"href":"https:\/\/www.europesays.com\/pt\/wp-json\/wp\/v2\/tags?post=225954"}],"curies":[{"name":"wp","href":"https:\/\/api.w.org\/{rel}","templated":true}]}}