{"id":225961,"date":"2026-01-12T11:46:21","date_gmt":"2026-01-12T11:46:21","guid":{"rendered":"https:\/\/www.europesays.com\/pt\/225961\/"},"modified":"2026-01-12T11:46:21","modified_gmt":"2026-01-12T11:46:21","slug":"dez-anos-depois-de-um-final-explosivo-o-gerente-da-noite-esta-de-volta-a-amazon-prime-video","status":"publish","type":"post","link":"https:\/\/www.europesays.com\/pt\/225961\/","title":{"rendered":"Dez anos depois de um final explosivo, &#8220;O Gerente da Noite&#8221; est\u00e1 de volta \u00e0 Amazon Prime Video"},"content":{"rendered":"<p dir=\"ltr\">Dez anos depois de um final explosivo, &#8220;O Gerente da Noite&#8221; est\u00e1 de volta. A segunda temporada da s\u00e9rie baseada na obra de John le Carr\u00e9 estreou-se este domingo, 11 de janeiro, na Amazon Prime Video.<\/p>\n<p dir=\"ltr\">Combina\u00e7\u00e3o de drama e &#8216;thriller&#8217; com seis epis\u00f3dios, a primeira temporada em 2016 foi um enorme sucesso de audi\u00eancias e cr\u00edtica, com v\u00e1rios pr\u00e9mios BAFTA, Emmys e Globos de Ouro. A hist\u00f3ria est\u00e1 agora de volta e a fasquia volta a estar elevada, com um elenco que junta Tom Hiddleston, Olivia Colman, Diego Calva, Camila Morrone e Paul Chahidi.<\/p>\n<p dir=\"ltr\">Hayley Squires, Indira Varma, Kirby Howell-Baptiste, Slavko Sobin, Unax Ugalde, Alberto Ammann e Diego Santos completam o elenco da segunda temporada.<\/p>\n<p dir=\"ltr\">O thriller centra-se em Jonathan Pine, um antigo soldado brit\u00e2nico que trabalha como gerente noturno em hot\u00e9is e que \u00e9 recrutado pelos Servi\u00e7os Secretos para se infiltrar numa rede ilegal de venda de armas que opera dentro das ag\u00eancias de intelig\u00eancia.<\/p>\n<p>\t\t<img decoding=\"async\" src=\"https:\/\/www.europesays.com\/pt\/wp-content\/uploads\/2026\/01\/1768218380_353_thumbs.web.sapo.io.webp\"  alt=\" \" loading=\"true\"\/><\/p>\n<p dir=\"ltr\">\u201cJonathan Pine (Tom Hiddleston) pensava ter deixado para tr\u00e1s o seu passado como espi\u00e3o infiltrado, ap\u00f3s os acontecimentos na primeira temporada, quando entrou no c\u00edrculo de confian\u00e7a de Richard Roper, um influente traficante de armas\u201d, resume o servi\u00e7o de streaming.<\/p>\n<p dir=\"ltr\">Vivendo sob o falso de nome de Alex Goodwin, o protagonista \u00e9 agora um agente de baixo escal\u00e3o do servi\u00e7o de intelig\u00eancia brit\u00e2nico, o MI6, dirigindo uma discreta unidade de vigil\u00e2ncia em Londres. Basicamente, a sua vida \u00e9 confortavelmente mon\u00f3tona.<\/p>\n<p dir=\"ltr\">\u201cMas eis que, certa noite, o avistamento casual de um antigo mercen\u00e1rio de Roper leva-o a entrar de novo em a\u00e7\u00e3o, conduzindo-o a um violento encontro com um novo e grande \u2018jogador\u2019 do submundo do crime: o empres\u00e1rio colombiano Teddy Dos Santos\u201d, adianta a Prime Video.<\/p>\n<p>\t\t<img decoding=\"async\" src=\"https:\/\/www.europesays.com\/pt\/wp-content\/uploads\/2026\/01\/1768218381_102_thumbs.web.sapo.io.webp\"  loading=\"true\"\/><\/p>\n<p dir=\"ltr\">Nesta perigosa miss\u00e3o em que embarca, Pine conhece Roxana Bola\u00f1os, uma empres\u00e1ria que relutantemente o ajuda a infiltrar-se na opera\u00e7\u00e3o de tr\u00e1fico de armas de Teddy. \u201cUma vez na Col\u00f4mbia, mergulha profundamente numa trama que pode trazer consequ\u00eancias fatais em grande escala, envolvendo armamento e o treino de um ex\u00e9rcito guerrilheiro. \u00c0 medida que alian\u00e7as se fragmentam, este agente do MI6 ter\u00e1 de correr contra o tempo para expor uma conspira\u00e7\u00e3o destinada a desestabilizar uma na\u00e7\u00e3o\u201d, acrescenta o servi\u00e7o de streaming.<\/p>\n<p dir=\"ltr\">Ao longo da temporada, com trai\u00e7\u00f5es a surgir a cada esquina, Pine ter\u00e1 de decidir em quem confiar e at\u00e9 onde est\u00e1 disposto a ir antes que seja tarde demais.<\/p>\n<p dir=\"ltr\">Veja o trailer:<\/p>\n<p><strong>\u00a0<\/strong><\/p>\n<p dir=\"ltr\">\u00a0<\/p>\n<p>\u00a0<\/p>\n","protected":false},"excerpt":{"rendered":"Dez anos depois de um final explosivo, &#8220;O Gerente da Noite&#8221; est\u00e1 de volta. A segunda temporada da&hellip;\n","protected":false},"author":2,"featured_media":225962,"comment_status":"","ping_status":"","sticky":false,"template":"","format":"standard","meta":{"footnotes":""},"categories":[142],"tags":[114,115,32,33,151],"class_list":{"0":"post-225961","1":"post","2":"type-post","3":"status-publish","4":"format-standard","5":"has-post-thumbnail","7":"category-tv","8":"tag-entertainment","9":"tag-entretenimento","10":"tag-portugal","11":"tag-pt","12":"tag-tv"},"share_on_mastodon":{"url":"https:\/\/pubeurope.com\/@pt\/115881966502553804","error":""},"_links":{"self":[{"href":"https:\/\/www.europesays.com\/pt\/wp-json\/wp\/v2\/posts\/225961","targetHints":{"allow":["GET"]}}],"collection":[{"href":"https:\/\/www.europesays.com\/pt\/wp-json\/wp\/v2\/posts"}],"about":[{"href":"https:\/\/www.europesays.com\/pt\/wp-json\/wp\/v2\/types\/post"}],"author":[{"embeddable":true,"href":"https:\/\/www.europesays.com\/pt\/wp-json\/wp\/v2\/users\/2"}],"replies":[{"embeddable":true,"href":"https:\/\/www.europesays.com\/pt\/wp-json\/wp\/v2\/comments?post=225961"}],"version-history":[{"count":0,"href":"https:\/\/www.europesays.com\/pt\/wp-json\/wp\/v2\/posts\/225961\/revisions"}],"wp:featuredmedia":[{"embeddable":true,"href":"https:\/\/www.europesays.com\/pt\/wp-json\/wp\/v2\/media\/225962"}],"wp:attachment":[{"href":"https:\/\/www.europesays.com\/pt\/wp-json\/wp\/v2\/media?parent=225961"}],"wp:term":[{"taxonomy":"category","embeddable":true,"href":"https:\/\/www.europesays.com\/pt\/wp-json\/wp\/v2\/categories?post=225961"},{"taxonomy":"post_tag","embeddable":true,"href":"https:\/\/www.europesays.com\/pt\/wp-json\/wp\/v2\/tags?post=225961"}],"curies":[{"name":"wp","href":"https:\/\/api.w.org\/{rel}","templated":true}]}}