{"id":225972,"date":"2026-01-12T12:02:11","date_gmt":"2026-01-12T12:02:11","guid":{"rendered":"https:\/\/www.europesays.com\/pt\/225972\/"},"modified":"2026-01-12T12:02:11","modified_gmt":"2026-01-12T12:02:11","slug":"audiencias-de-sabado-apos-arranque-instavel-family-feud-cresce-e-deixa-concorrencia-a-ver-navios-a-televisao","status":"publish","type":"post","link":"https:\/\/www.europesays.com\/pt\/225972\/","title":{"rendered":"Audi\u00eancias de s\u00e1bado: Ap\u00f3s arranque inst\u00e1vel, \u201cFamily Feud\u201d cresce e deixa concorr\u00eancia a ver navios &#8211; A Televis\u00e3o"},"content":{"rendered":"<ol>\n<li><a href=\"https:\/\/news.google.com\/rss\/articles\/CBMixwFBVV95cUxNSE52dzBIaHRDOVhDRjI1X0NITV9TU1hoRUtOTW93M3VJekdFVUpVbGdpam83YU1CVXdLVHFxaXVuSzhpcEJoaExWczlHUnUwWXQtaVVaanZON0FUWFlDQ1NIUjh6dUcySUp2Y0VLUC1VdS1EMkI3c0hDb3Y3Ylp1Z2lqM1VYNndfMkNDY0JZTFk3QUZZTWhfUmJxbmw1Tk1WNFdvQW5HbS1feUxNc2ViRFp2ZWRDcTRpMmN3U0tybnduY1VKUl9R?oc=5\" target=\"_blank\" rel=\"nofollow noopener\">Audi\u00eancias de s\u00e1bado: Ap\u00f3s arranque inst\u00e1vel, \u201cFamily Feud\u201d cresce e deixa concorr\u00eancia a ver navios<\/a>&nbsp;&nbsp;A Televis\u00e3o<\/li>\n<li><a href=\"https:\/\/news.google.com\/rss\/articles\/CBMipwFBVV95cUxOTXNKaFlpcGMxNnJwNmpuSGlQRDVmdFRZWjZfRkZQYkg5X3ZsWllJR29LdnJTM3dpR2VJLU5YT193dk9lcEpHVzBrSmdHM3k1ZWdPWnFpZ1UxQ0RGcEMzMl9JSXlRUXJWYzRQcnFTbUtkTUpNNGVOYS11V0xGOVdWelNIMTJsWGdfdDFJUHNoTjJNS1RPOXRyanRxT2kwb29ET19CV285b9IBpwFBVV95cUxOTXNKaFlpcGMxNnJwNmpuSGlQRDVmdFRZWjZfRkZQYkg5X3ZsWllJR29LdnJTM3dpR2VJLU5YT193dk9lcEpHVzBrSmdHM3k1ZWdPWnFpZ1UxQ0RGcEMzMl9JSXlRUXJWYzRQcnFTbUtkTUpNNGVOYS11V0xGOVdWelNIMTJsWGdfdDFJUHNoTjJNS1RPOXRyanRxT2kwb29ET19CV285bw?oc=5\" target=\"_blank\" rel=\"nofollow noopener\">TVI recupera lideran\u00e7a das audi\u00eancias no fim de semana e refor\u00e7a vantagem em janeiro<\/a>&nbsp;&nbsp;infocul.pt<\/li>\n<li><a href=\"https:\/\/news.google.com\/rss\/articles\/CBMie0FVX3lxTFBLeGlHeGZuLXRwRlZpVnhrVUU5c1MtRllZTk15R3lWTWRuNnVTeEVmZ3VOVjdNaUxkN1lWSHVBUUZxT3c5cE9sbHNweXUwX0E3ek9RYWY4UG41YmRXUUlvTnU2bUt2SWR6aWo0RjFXUEx4V3hyWW5wMFhnaw?oc=5\" target=\"_blank\" rel=\"nofollow noopener\">Audi\u00eancias: Os minutos mais vistos de 11-01-2026<\/a>&nbsp;&nbsp;zapping-tv.com<\/li>\n<li><a href=\"https:\/\/news.google.com\/rss\/articles\/CBMiaEFVX3lxTFA0cVlCZXlyd25WMVJNZ3lneEg2R0l1NlMtaEdxNEY4bWFBVjZjNUoxbllCYzdHT1J6Ulh3cndQTHlKX21JUW9OTnFlUlV5OXdBUThrNHJvY1FMVVdseTJWdGhGVzdMQTdl?oc=5\" target=\"_blank\" rel=\"nofollow noopener\">Audi\u00eancias 11\/01\/2026<\/a>&nbsp;&nbsp;Quinto Canal<\/li>\n<li><a href=\"https:\/\/news.google.com\/rss\/articles\/CBMijgFBVV95cUxNYWllbXd4WThNNWRTLUxlRHUxMTRVRG9DV21yZFQwQ2tEU196NktqU0ExU2pnMjFpTkE0UEljRnFjSzdvcVd1aWw5R1ZJTlNTSGtvMDBuVktFdF9PdTNCRThzZFhNbFZoU1lDMDFtekJESEdTZWpWLUtQRzVJRkNTcE1LUG91ZUhvYTlMUzBR?oc=5\" target=\"_blank\" rel=\"nofollow noopener\">SIC aposta em ex-apresentadora da TVI para a noite de domingo<\/a>&nbsp;&nbsp;zapping-tv.com<\/li>\n<\/ol>\n","protected":false},"excerpt":{"rendered":"Audi\u00eancias de s\u00e1bado: Ap\u00f3s arranque inst\u00e1vel, \u201cFamily Feud\u201d cresce e deixa concorr\u00eancia a ver navios&nbsp;&nbsp;A Televis\u00e3o TVI recupera&hellip;\n","protected":false},"author":2,"featured_media":64771,"comment_status":"","ping_status":"","sticky":false,"template":"","format":"standard","meta":{"footnotes":""},"categories":[142],"tags":[114,115,32,33,151],"class_list":{"0":"post-225972","1":"post","2":"type-post","3":"status-publish","4":"format-standard","5":"has-post-thumbnail","7":"category-tv","8":"tag-entertainment","9":"tag-entretenimento","10":"tag-portugal","11":"tag-pt","12":"tag-tv"},"share_on_mastodon":{"url":"https:\/\/pubeurope.com\/@pt\/115882029357384950","error":""},"_links":{"self":[{"href":"https:\/\/www.europesays.com\/pt\/wp-json\/wp\/v2\/posts\/225972","targetHints":{"allow":["GET"]}}],"collection":[{"href":"https:\/\/www.europesays.com\/pt\/wp-json\/wp\/v2\/posts"}],"about":[{"href":"https:\/\/www.europesays.com\/pt\/wp-json\/wp\/v2\/types\/post"}],"author":[{"embeddable":true,"href":"https:\/\/www.europesays.com\/pt\/wp-json\/wp\/v2\/users\/2"}],"replies":[{"embeddable":true,"href":"https:\/\/www.europesays.com\/pt\/wp-json\/wp\/v2\/comments?post=225972"}],"version-history":[{"count":0,"href":"https:\/\/www.europesays.com\/pt\/wp-json\/wp\/v2\/posts\/225972\/revisions"}],"wp:featuredmedia":[{"embeddable":true,"href":"https:\/\/www.europesays.com\/pt\/wp-json\/wp\/v2\/media\/64771"}],"wp:attachment":[{"href":"https:\/\/www.europesays.com\/pt\/wp-json\/wp\/v2\/media?parent=225972"}],"wp:term":[{"taxonomy":"category","embeddable":true,"href":"https:\/\/www.europesays.com\/pt\/wp-json\/wp\/v2\/categories?post=225972"},{"taxonomy":"post_tag","embeddable":true,"href":"https:\/\/www.europesays.com\/pt\/wp-json\/wp\/v2\/tags?post=225972"}],"curies":[{"name":"wp","href":"https:\/\/api.w.org\/{rel}","templated":true}]}}