{"id":225988,"date":"2026-01-12T12:22:14","date_gmt":"2026-01-12T12:22:14","guid":{"rendered":"https:\/\/www.europesays.com\/pt\/225988\/"},"modified":"2026-01-12T12:22:14","modified_gmt":"2026-01-12T12:22:14","slug":"o-que-o-evento-nos-revelou-sobre-o-futuro-do-trabalho-sem-usar-a-palavra-trabalho","status":"publish","type":"post","link":"https:\/\/www.europesays.com\/pt\/225988\/","title":{"rendered":"o Que o Evento nos Revelou sobre o Futuro do Trabalho, sem Usar a Palavra &#8220;Trabalho&#8221;"},"content":{"rendered":"<p>\t\t\t\t\t\t\t&#13;<br \/>\n\t\t<img width=\"678\" height=\"452\" src=\"https:\/\/www.europesays.com\/pt\/wp-content\/uploads\/2026\/01\/CES_2026_Retrospectiva-768x512.png\" class=\"attachment-medium_large size-medium_large wp-post-image\" alt=\"A CES 2026 pode parecer uma vitrine de tecnologia para o consumidor, mas oferece alguns dos sinais mais claros at\u00e9 agora sobre como o trabalho est\u00e1 mudando\" decoding=\"async\" fetchpriority=\"high\"\/>\t\t<\/p>\n<p>Adobe Stock<\/p>\n<p>&#13;<br \/>\n\t\t\tA CES 2026 pode parecer uma vitrine de tecnologia para o consumidor, mas oferece alguns dos sinais mais claros at\u00e9 agora sobre como o trabalho est\u00e1 mudando&#13;<\/p>\n<p>Acessibilidade<\/p>\n<p>&#13;<br \/>\n\t\t\tL&#13;<br \/>\n\t\t\tL&#13;<br \/>\n\t\t\tA-&#13;<br \/>\n\t\t\tA+&#13;<br \/>\n\t\t\t&#13;<br \/>\n\t\t\t\u25d0&#13;<br \/>\n\t\t\t&#13;\n\t\t<\/p>\n<p>\u00c0 primeira vista, a CES 2026 \u00e9 o maior evento de eletr\u00f4nicos de consumo do mundo, dedicado ao futuro da tecnologia em casa, em nossas vidas sociais e no entretenimento.<\/p>\n<p>Mas tamb\u00e9m oferece informa\u00e7\u00f5es valiosas sobre o futuro do trabalho, e a tecnologia que impulsiona os brinquedos, aparelhos e dispositivos mais recentes inevitavelmente chega ao ambiente de trabalho.<\/p>\n<p>Leia tamb\u00e9m<\/p>\n<p>Mais uma vez, a IA \u00e9 a grande estrela deste ano. E aprender a trabalhar ao lado de m\u00e1quinas inteligentes, \u00e0 medida que elas automatizam tarefas rotineiras e tomam decis\u00f5es cada vez mais em nosso nome, tamb\u00e9m ser\u00e1 um tema dominante na vida profissional em 2026.<\/p>\n<p>Quatro li\u00e7\u00f5es que a CES 2026, que aconteceu em Las Vegas, pode nos ensinar sobre o futuro do trabalho<br \/>\nDe \u2018Fazer\u2019 a \u2018Decidir\u2019<\/p>\n<p>Com as m\u00e1quinas assumindo cada vez mais tarefas rotineiras, n\u00f3s, humanos, nos concentraremos mais no planejamento estrat\u00e9gico de alto n\u00edvel e na tomada de decis\u00f5es. Na CES 2026, vimos\u00a0rob\u00f4s dobrando roupas\u00a0e\u00a0subindo escadas\u00a0, assumindo a gest\u00e3o di\u00e1ria de ecossistemas de casas inteligentes e uma infinidade de assistentes de IA focados em prever e antecipar nossas necessidades. Isso aponta para um futuro onde as m\u00e1quinas cuidam das atividades rotineiras, enquanto nosso papel se volta para decidir como e onde a automa\u00e7\u00e3o deve intervir. No ambiente de trabalho, isso se traduz em um aumento do tempo gasto em supervis\u00e3o e tomada de decis\u00f5es estrat\u00e9gicas. Onde devemos priorizar a implementa\u00e7\u00e3o da automa\u00e7\u00e3o para gerar o m\u00e1ximo valor e quais tarefas ainda s\u00e3o importantes, complexas ou delicadas demais para serem delegadas? Cada vez mais, nosso valor n\u00e3o \u00e9 medido pela quantidade de trabalho que podemos realizar, mas sim pela nossa capacidade de identificar oportunidades e orquestrar solu\u00e7\u00f5es aut\u00f4nomas.<\/p>\n<p>Libertando-se de mesas e telas<\/p>\n<p>Na CES 2026, vemos\u00a0a IA se transformando\u00a0de uma ferramenta que usamos para uma camada integrada e onipresente em praticamente tudo. N\u00e3o h\u00e1 indicador maior de que a computa\u00e7\u00e3o est\u00e1 rompendo sua conex\u00e3o com nossas mesas e telas do que a prolifera\u00e7\u00e3o de dispositivos vest\u00edveis, sens\u00edveis ao contexto e controlados por voz, em exibi\u00e7\u00e3o em Las Vegas este ano. Inova\u00e7\u00f5es como a nova gera\u00e7\u00e3o de\u00a0ilumina\u00e7\u00e3o residencial inteligente\u00a0da Govee ou as vers\u00f5es evolu\u00eddas de\u00a0\u00f3culos e fones de ouvido inteligentes\u00a0demonstram que interfaces m\u00e3os-livres e sens\u00edveis ao ambiente est\u00e3o impulsionando novas experi\u00eancias de usu\u00e1rio na tecnologia de consumo. E essa mudan\u00e7a de paradigma inevitavelmente se refletir\u00e1 tamb\u00e9m na forma como trabalhamos, \u00e0 medida que nos adaptamos a novos modelos de trabalho h\u00edbrido, remoto e em campo.<\/p>\n<p>Bem-estar como estrat\u00e9gia para o sucesso no local de trabalho<\/p>\n<p>A explos\u00e3o de inova\u00e7\u00f5es relacionadas \u00e0 sa\u00fade e ao bem-estar apresentada na CES 2026 foi al\u00e9m de simples rastreadores de sa\u00fade e pulseiras fitness, abrangendo\u00a0absorventes menstruais inteligentes\u00a0e uma\u00a0cama inteligente para jovens\u00a0, com um assistente de sa\u00fade integrado, projetada para apoiar o aprendizado e a estabilidade emocional. Isso reflete um amadurecimento no campo da tecnologia da sa\u00fade, \u00e0 medida que os dispositivos evoluem para o monitoramento proativo e cont\u00ednuo e o bem-estar preditivo. Essa tend\u00eancia acelerada sugere que a tecnologia que nos apoia em nossas vidas profissionais se adaptar\u00e1 para atender \u00e0s mesmas demandas. Em 2026, podemos esperar que o foco n\u00e3o seja apenas no monitoramento de nosso desempenho ou produtividade no ambiente de trabalho, mas tamb\u00e9m no apoio ao bem-estar mental e f\u00edsico.<\/p>\n<p>As compet\u00eancias humanas s\u00e3o mais valiosas do que nunca<\/p>\n<p>Uma das mensagens mais importantes sobre o futuro do trabalho que devemos extrair da CES 2026 \u00e9 a necessidade urgente de nossas habilidades evolu\u00edrem para acompanhar a velocidade com que a tecnologia est\u00e1 transformando o mundo ao nosso redor. Em um futuro onde compartilhamos nossas casas com\u00a0rob\u00f4s humanoides\u00a0, viajamos em\u00a0carros aut\u00f4nomos\u00a0e interagimos com\u00a0namoradas hologr\u00e1ficas de anime\u00a0, as habilidades humanas \u2014 aquelas que a tecnologia ainda n\u00e3o consegue replicar \u2014 tornam-se mais valiosas do que nunca. \u00c0 medida que os humanos assumem o trabalho repetitivo e rotineiro, os trabalhadores humanos se diferenciar\u00e3o por sua capacidade de se comunicar, colaborar, ter empatia e motivar. E brilharemos demonstrando nossa habilidade em lidar com situa\u00e7\u00f5es complexas e amb\u00edguas e conectar ideias de maneiras abstratas que as m\u00e1quinas ainda n\u00e3o conseguem igualar.<\/p>\n<p>Embora o foco principal da CES 2026 n\u00e3o tenha sido o mundo profissional ou corporativo, sua mensagem para o mundo do trabalho \u00e9 clara e inequ\u00edvoca.<\/p>\n<p>N\u00e3o ser\u00e1 necess\u00e1rio dominar todas as novas ferramentas e processos tecnol\u00f3gicos para prosperar no futuro promissor impulsionado pela IA. Desenvolver a capacidade de compreender e antecipar mudan\u00e7as, bem como a agilidade para se adaptar a novas oportunidades e formas de trabalho, ser\u00e1 t\u00e3o importante quanto, ou at\u00e9 mais.<\/p>\n<p>Escolhas do editor<\/p>\n<p>Siga o canal da <a href=\"https:\/\/whatsapp.com\/channel\/0029Va9gQKwBFLgM96cJnu0u\" target=\"_blank\" rel=\"noopener noreferrer nofollow\" title=\"Grupo da Forbes no WhatsApp\">Forbes<\/a> no WhatsApp e receba as principais not\u00edcias de empreendedorismo, carreira, tecnologia, agro e lifestyle.<\/p>\n","protected":false},"excerpt":{"rendered":"&#13; Adobe Stock &#13; A CES 2026 pode parecer uma vitrine de tecnologia para o consumidor, mas oferece&hellip;\n","protected":false},"author":2,"featured_media":225989,"comment_status":"","ping_status":"","sticky":false,"template":"","format":"standard","meta":{"footnotes":""},"categories":[84],"tags":[109,107,108,32,33,105,103,104,106,110],"class_list":{"0":"post-225988","1":"post","2":"type-post","3":"status-publish","4":"format-standard","5":"has-post-thumbnail","7":"category-ciencia-e-tecnologia","8":"tag-ciencia","9":"tag-ciencia-e-tecnologia","10":"tag-cienciaetecnologia","11":"tag-portugal","12":"tag-pt","13":"tag-science","14":"tag-science-and-technology","15":"tag-scienceandtechnology","16":"tag-technology","17":"tag-tecnologia"},"share_on_mastodon":{"url":"https:\/\/pubeurope.com\/@pt\/115882108104395793","error":""},"_links":{"self":[{"href":"https:\/\/www.europesays.com\/pt\/wp-json\/wp\/v2\/posts\/225988","targetHints":{"allow":["GET"]}}],"collection":[{"href":"https:\/\/www.europesays.com\/pt\/wp-json\/wp\/v2\/posts"}],"about":[{"href":"https:\/\/www.europesays.com\/pt\/wp-json\/wp\/v2\/types\/post"}],"author":[{"embeddable":true,"href":"https:\/\/www.europesays.com\/pt\/wp-json\/wp\/v2\/users\/2"}],"replies":[{"embeddable":true,"href":"https:\/\/www.europesays.com\/pt\/wp-json\/wp\/v2\/comments?post=225988"}],"version-history":[{"count":0,"href":"https:\/\/www.europesays.com\/pt\/wp-json\/wp\/v2\/posts\/225988\/revisions"}],"wp:featuredmedia":[{"embeddable":true,"href":"https:\/\/www.europesays.com\/pt\/wp-json\/wp\/v2\/media\/225989"}],"wp:attachment":[{"href":"https:\/\/www.europesays.com\/pt\/wp-json\/wp\/v2\/media?parent=225988"}],"wp:term":[{"taxonomy":"category","embeddable":true,"href":"https:\/\/www.europesays.com\/pt\/wp-json\/wp\/v2\/categories?post=225988"},{"taxonomy":"post_tag","embeddable":true,"href":"https:\/\/www.europesays.com\/pt\/wp-json\/wp\/v2\/tags?post=225988"}],"curies":[{"name":"wp","href":"https:\/\/api.w.org\/{rel}","templated":true}]}}