{"id":225990,"date":"2026-01-12T12:24:10","date_gmt":"2026-01-12T12:24:10","guid":{"rendered":"https:\/\/www.europesays.com\/pt\/225990\/"},"modified":"2026-01-12T12:24:10","modified_gmt":"2026-01-12T12:24:10","slug":"elevador-12-janeiro-de-2026-elevador","status":"publish","type":"post","link":"https:\/\/www.europesays.com\/pt\/225990\/","title":{"rendered":"Elevador 12 janeiro de 2026 &#8211; Elevador"},"content":{"rendered":"<p>                            &#13;<br \/>\n                                <img decoding=\"async\" class=\"img-fluid\" src=\"https:\/\/www.europesays.com\/pt\/wp-content\/uploads\/2026\/01\/img_295x184uu2025-10-06-18-41-00-510787.jpg\" alt=\"Sanae Takaichi\"\/>&#13;<\/p>\n<p>                            <a href=\"https:\/\/www.jornaldenegocios.pt\/elevador\/detalhe\/javascript:void(0)\" style=\"cursor: text;\" title=\"Sanae Takaichi\" rel=\"nofollow noopener\" target=\"_blank\">Sanae Takaichi<\/a><\/p>\n<p>Segundo a imprensa japonesa, a primeira-ministra do Jap\u00e3o est\u00e1 a considerar dissolver o parlamento e convocar elei\u00e7\u00f5es antecipadas ainda este m\u00eas. Takaichi j\u00e1 percebeu que tem elevadas taxas de aprova\u00e7\u00e3o que lhe podem permitir alcan\u00e7ar uma maioria refor\u00e7ada face \u00e0 das \u00faltimas elei\u00e7\u00f5es, se voltar a haver elei\u00e7\u00f5es. \u00c9 uma jogada de risco que a l\u00edder do Partido Liberal Democr\u00e1tico, mas percebe-se a jogada.\u00a0<\/p>\n<p>                            &#13;<br \/>\n                                <img decoding=\"async\" class=\"img-fluid\" src=\"https:\/\/www.europesays.com\/pt\/wp-content\/uploads\/2026\/01\/img_295x184uu2026-01-11-18-00-00-516196.jpg\" alt=\"Ali Khamenei\"\/>&#13;<\/p>\n<p>                            <a href=\"https:\/\/www.jornaldenegocios.pt\/elevador\/detalhe\/javascript:void(0)\" style=\"cursor: text;\" title=\"Ali Khamenei\" rel=\"nofollow noopener\" target=\"_blank\">Ali Khamenei<\/a><\/p>\n<p>O governo iraniano mostra-se desesperado e s\u00f3 isso justifica a amea\u00e7a feita a Estados Unidos e Israel. Os protestos em Teer\u00e3o mant\u00eam-se e nem as medidas repressivas impostas pelo regime \u2013 que incluem internet desligada e corte de sinal de telem\u00f3vel em todo o pa\u00eds \u2013 parecem travar a mudan\u00e7a que se opera no pa\u00eds.Segundo uma organiza\u00e7\u00e3o de direitos humanos, a repress\u00e3o do governo iraniano ter\u00e1 j\u00e1 feito cerca de 500 mortos.\u00a0<\/p>\n","protected":false},"excerpt":{"rendered":"&#13; &#13; Sanae Takaichi Segundo a imprensa japonesa, a primeira-ministra do Jap\u00e3o est\u00e1 a considerar dissolver o parlamento&hellip;\n","protected":false},"author":2,"featured_media":225991,"comment_status":"","ping_status":"","sticky":false,"template":"","format":"standard","meta":{"footnotes":""},"categories":[50],"tags":[27,28,15,16,14,9694,25,26,21,22,62,12,13,19,20,23,24,17,18,29,30,31,63,64,65],"class_list":{"0":"post-225990","1":"post","2":"type-post","3":"status-publish","4":"format-standard","5":"has-post-thumbnail","7":"category-mundo","8":"tag-breaking-news","9":"tag-breakingnews","10":"tag-featured-news","11":"tag-featurednews","12":"tag-headlines","13":"tag-jornal-de-negocios","14":"tag-latest-news","15":"tag-latestnews","16":"tag-main-news","17":"tag-mainnews","18":"tag-mundo","19":"tag-news","20":"tag-noticias","21":"tag-noticias-principais","22":"tag-noticiasprincipais","23":"tag-principais-noticias","24":"tag-principaisnoticias","25":"tag-top-stories","26":"tag-topstories","27":"tag-ultimas","28":"tag-ultimas-noticias","29":"tag-ultimasnoticias","30":"tag-world","31":"tag-world-news","32":"tag-worldnews"},"share_on_mastodon":{"url":"https:\/\/pubeurope.com\/@pt\/115882115948380478","error":""},"_links":{"self":[{"href":"https:\/\/www.europesays.com\/pt\/wp-json\/wp\/v2\/posts\/225990","targetHints":{"allow":["GET"]}}],"collection":[{"href":"https:\/\/www.europesays.com\/pt\/wp-json\/wp\/v2\/posts"}],"about":[{"href":"https:\/\/www.europesays.com\/pt\/wp-json\/wp\/v2\/types\/post"}],"author":[{"embeddable":true,"href":"https:\/\/www.europesays.com\/pt\/wp-json\/wp\/v2\/users\/2"}],"replies":[{"embeddable":true,"href":"https:\/\/www.europesays.com\/pt\/wp-json\/wp\/v2\/comments?post=225990"}],"version-history":[{"count":0,"href":"https:\/\/www.europesays.com\/pt\/wp-json\/wp\/v2\/posts\/225990\/revisions"}],"wp:featuredmedia":[{"embeddable":true,"href":"https:\/\/www.europesays.com\/pt\/wp-json\/wp\/v2\/media\/225991"}],"wp:attachment":[{"href":"https:\/\/www.europesays.com\/pt\/wp-json\/wp\/v2\/media?parent=225990"}],"wp:term":[{"taxonomy":"category","embeddable":true,"href":"https:\/\/www.europesays.com\/pt\/wp-json\/wp\/v2\/categories?post=225990"},{"taxonomy":"post_tag","embeddable":true,"href":"https:\/\/www.europesays.com\/pt\/wp-json\/wp\/v2\/tags?post=225990"}],"curies":[{"name":"wp","href":"https:\/\/api.w.org\/{rel}","templated":true}]}}