{"id":225996,"date":"2026-01-12T12:27:09","date_gmt":"2026-01-12T12:27:09","guid":{"rendered":"https:\/\/www.europesays.com\/pt\/225996\/"},"modified":"2026-01-12T12:27:09","modified_gmt":"2026-01-12T12:27:09","slug":"brasil-faz-historia-nos-globos-de-ouro-com-wagner-moura-e-o-agente-secreto-2","status":"publish","type":"post","link":"https:\/\/www.europesays.com\/pt\/225996\/","title":{"rendered":"Brasil faz hist\u00f3ria nos Globos de Ouro com Wagner Moura e &#8220;O Agente Secreto&#8221;"},"content":{"rendered":"<p data-remotead-prev-elm=\"true\" data-remotead-elm-id=\"inread\">&#8220;O Agente Secreto \u00e9 um filme sobre mem\u00f3ria, a falta de mem\u00f3ria e trauma geracional&#8221;, disse Wagner Moura, ao aceitar o Globo de Ouro. &#8220;Se o trauma pode ser passado de gera\u00e7\u00e3o em gera\u00e7\u00e3o, os valores tamb\u00e9m podem&#8221;, continuou, dedicando o pr\u00e9mio aos que continuam a &#8220;defender os seus valores em momentos dif\u00edceis&#8221;.<\/p>\n<p>Foi a primeira vez que o Globo de Ouro de Melhor Ator foi entregue a um brasileiro. Moura, que venceu numa categoria onde tamb\u00e9m estavam Michael B. Jordan, Dwayne Johnson, Joel Edgerton, Oscar Isaac e Jeremy Allen White, terminou o discurso falando em portugu\u00eas para toda a gente no Brasil que assistiu \u00e0 cerim\u00f3nia.<\/p>\n<p>&#8220;Dedico isto aos cineastas jovens&#8221;, tinha dito, minutos antes, o realizador Kl\u00e9ber Mendon\u00e7a Filho, ao receber o Globo de Ouro para Melhor Filme em L\u00edngua N\u00e3o Inglesa. &#8220;Este \u00e9 um momento muito importante na Hist\u00f3ria para fazer filmes, tanto aqui nos Estados Unidos como no Brasil&#8221;, afirmou, em ingl\u00eas.<\/p>\n<p data-remotead-prev-elm=\"true\" data-remotead-elm-id=\"centro1\">&#8220;O Agente Secreto&#8221; tamb\u00e9m estava nomeado para Melhor Filme Dram\u00e1tico, mas perdeu a estatueta para &#8220;Hamnet&#8221;, o filme de \u00e9poca realizado por Chlo\u00e9 Zhao sobre a vida privada de William Shakespeare.<\/p>\n<p>A realizadora lembrou palavras do protagonista, Paul Mescal, que lhe disse que a coisa mais importante no artista \u00e9 ser vulner\u00e1vel o suficiente para poder ser visto realmente como \u00e9. &#8220;Tantos de voc\u00eas tornaram-se fortes e suaves ao mesmo tempo&#8221;, disse Zhao, dirigindo-se aos cineastas da sala. &#8220;Vamos deixar que nos vejam&#8221;, acrescentou. A protagonista do filme, Jessie Buckley, tamb\u00e9m levou para casa o Globo de Melhor Atriz em Filme Dram\u00e1tico.<\/p>\n<p><img decoding=\"async\" class=\"ngx-body\" guid=\"681ad10a-c582-4753-9ccb-f4a067c031aa\" src=\"https:\/\/www.europesays.com\/pt\/wp-content\/uploads\/2026\/01\/1768220828_526_image.webp.webp\" width=\"100%\"\/><br \/>Foto: Chris Torres\/EPA<\/p>\n<p data-remotead-prev-elm=\"true\" data-remotead-elm-id=\"centro2\">O outro grande vencedor da noite, que marcou a 83\u00aa edi\u00e7\u00e3o dos pr\u00e9mios, foi &#8220;Batalha Atr\u00e1s de Batalha&#8221;, que levou para casa as estatuetas de Melhor Filme Musical ou Com\u00e9dia, Melhor Argumento, Melhor Realizador para Paul Thomas Anderson e Melhor Atriz Secund\u00e1ria para Teyana Taylor.<\/p>\n<p>&#8220;O prop\u00f3sito encontra sempre o seu momento&#8221;, afirmou a atriz, que foi a primeira vencedora da noite em Los Angeles. &#8220;A nossa luz n\u00e3o precisa de permiss\u00e3o para brilhar&#8221;, disse, dirigindo-se \u00e0s &#8220;irm\u00e3s e raparigas de cor&#8221; que a viram triunfar na cerim\u00f3nia.<\/p>\n<p><img decoding=\"async\" class=\"ngx-body\" guid=\"53b78275-be0d-49bf-9b4c-83ef7c6df9f3\" src=\"https:\/\/www.europesays.com\/pt\/wp-content\/uploads\/2026\/01\/1768220829_704_image.webp.webp\" width=\"100%\"\/><br \/>Foto: Chris Torres\/EPA<\/p>\n<p data-remotead-prev-elm=\"true\" data-remotead-elm-id=\"centro3\">Na categoria de Musical ou Com\u00e9dia, Rose Byrne foi a Melhor Atriz por &#8220;If I had Legs I&#8221;d Kick You&#8221; e Timoth\u00e9e Chalamet foi Melhor Ator por &#8220;Marty Supreme&#8221;.<\/p>\n<p><img decoding=\"async\" class=\"ngx-body\" guid=\"cd9d38b6-0a84-4746-ba0c-de893eb6a7ab\" src=\"https:\/\/www.europesays.com\/pt\/wp-content\/uploads\/2026\/01\/1768220829_16_image.webp.webp\" width=\"100%\"\/><br \/>Foto: Chris Torres\/EPA<\/p>\n<p>J\u00e1 Stellan Skarsgard emergiu vitorioso como Melhor Ator Secund\u00e1rio por &#8220;Valor Sentimental&#8221;, um filme independente falado em noruegu\u00eas que se tornou num dos favoritos do ano.<\/p>\n<p data-remotead-prev-elm=\"true\" data-remotead-elm-id=\"centro4\">Mas um dos mais cotados, &#8220;Sinners&#8221;, acabou por levar para casa apenas dois Globos de Ouro: o de Melhor Banda Sonora, da autoria de Ludwig G\u00f6ransson, e Conquista Cinem\u00e1tica e de Bilheteira.<\/p>\n<p>Na anima\u00e7\u00e3o, &#8220;KPop Demon Hunters&#8221;, da Netflix, levou o pr\u00e9mio para casa, juntamente com Melhor Can\u00e7\u00e3o Original, com &#8220;Golden&#8221;.<\/p>\n<p>A lista de vencedores nas categorias de Cinema:<\/p>\n<p><strong>Melhor Realizador<\/strong><br \/>Paul Thomas Anderson, &#8220;Batalha Atr\u00e1s de Batalha&#8221; (Warner Bros.)<\/p>\n<p data-remotead-prev-elm=\"true\" data-remotead-elm-id=\"centro5\"><strong>Melhor Argumento<\/strong><br \/>Paul Thomas Anderson, &#8220;Batalha Atr\u00e1s de Batalha&#8221; (Warner Bros.)<\/p>\n<p><strong>Melhor Filme Dram\u00e1tico<\/strong><br \/>&#8220;Hamnet&#8221; (Focus Features)<\/p>\n<p><strong>Melhor Atriz em Filme Dram\u00e1tico<\/strong><br \/>Jessie Buckley, &#8220;Hamnet&#8221; (Focus Features)<\/p>\n<p data-remotead-prev-elm=\"true\" data-remotead-elm-id=\"centro6\"><strong>Melhor Ator em Filme Dram\u00e1tico<\/strong><br \/>Wagner Moura, &#8220;O Agente Secreto&#8221;<\/p>\n<p><strong>Melhor Atriz Secund\u00e1ria em Filme <\/strong><br \/>Teyana Taylor, &#8220;Batalha Atr\u00e1s de Batalha&#8221; (Warner Bros)<\/p>\n<p><strong>Melhor Ator Secund\u00e1rio em Filme <\/strong><br \/>Stellan Skarsg\u00e5rd, &#8220;Valor Sentimental&#8221; (Neon)<\/p>\n<p><strong>Melhor Filme Musical ou Com\u00e9dia<\/strong><br \/>&#8220;Batalha Atr\u00e1s de Batalha&#8221; (Warner Bros)<\/p>\n<p><strong>Melhor Atriz em Filme musical ou com\u00e9dia<\/strong><br \/>Rose Byrne, &#8220;If I Had Legs I&#8221;d Kick You&#8221; (A24)<\/p>\n<p><strong>Melhor Ator em Filme musical ou com\u00e9dia<\/strong><br \/>Timoth\u00e9e Chalamet, &#8220;Marty Supreme&#8221; (A24)<\/p>\n<p><strong>Melhor Filme de Anima\u00e7\u00e3o<\/strong><br \/>&#8220;KPop Demon Hunters&#8221; (Netflix)<\/p>\n<p><strong>Melhor Filme em L\u00edngua N\u00e3o Inglesa <\/strong><br \/>&#8220;O Agente Secreto&#8221;, Brasil (Neon)<\/p>\n<p><strong>Melhor Can\u00e7\u00e3o Original<\/strong><br \/>&#8220;Golden&#8221;, &#8220;KPop Demon Hunters&#8221; (Netflix)<\/p>\n<p><strong>Melhor Banda Sonora<\/strong><br \/>Ludwig G\u00f6ransson, &#8220;Sinners&#8221; (Warner Bros)<\/p>\n<p><strong>Conquista cinem\u00e1tica e de bilheteira<\/strong><br \/>&#8220;Sinners&#8221; (Warner Bros.)<\/p>\n","protected":false},"excerpt":{"rendered":"&#8220;O Agente Secreto \u00e9 um filme sobre mem\u00f3ria, a falta de mem\u00f3ria e trauma geracional&#8221;, disse Wagner Moura,&hellip;\n","protected":false},"author":2,"featured_media":225997,"comment_status":"","ping_status":"","sticky":false,"template":"","format":"standard","meta":{"footnotes":""},"categories":[145],"tags":[1753,211,210,470,114,115,21393,32,33],"class_list":{"0":"post-225996","1":"post","2":"type-post","3":"status-publish","4":"format-standard","5":"has-post-thumbnail","7":"category-celebridades","8":"tag-artes","9":"tag-celebridades","10":"tag-celebrities","11":"tag-cinema","12":"tag-entertainment","13":"tag-entretenimento","14":"tag-globos-de-ouro","15":"tag-portugal","16":"tag-pt"},"share_on_mastodon":{"url":"https:\/\/pubeurope.com\/@pt\/115882127743492874","error":""},"_links":{"self":[{"href":"https:\/\/www.europesays.com\/pt\/wp-json\/wp\/v2\/posts\/225996","targetHints":{"allow":["GET"]}}],"collection":[{"href":"https:\/\/www.europesays.com\/pt\/wp-json\/wp\/v2\/posts"}],"about":[{"href":"https:\/\/www.europesays.com\/pt\/wp-json\/wp\/v2\/types\/post"}],"author":[{"embeddable":true,"href":"https:\/\/www.europesays.com\/pt\/wp-json\/wp\/v2\/users\/2"}],"replies":[{"embeddable":true,"href":"https:\/\/www.europesays.com\/pt\/wp-json\/wp\/v2\/comments?post=225996"}],"version-history":[{"count":0,"href":"https:\/\/www.europesays.com\/pt\/wp-json\/wp\/v2\/posts\/225996\/revisions"}],"wp:featuredmedia":[{"embeddable":true,"href":"https:\/\/www.europesays.com\/pt\/wp-json\/wp\/v2\/media\/225997"}],"wp:attachment":[{"href":"https:\/\/www.europesays.com\/pt\/wp-json\/wp\/v2\/media?parent=225996"}],"wp:term":[{"taxonomy":"category","embeddable":true,"href":"https:\/\/www.europesays.com\/pt\/wp-json\/wp\/v2\/categories?post=225996"},{"taxonomy":"post_tag","embeddable":true,"href":"https:\/\/www.europesays.com\/pt\/wp-json\/wp\/v2\/tags?post=225996"}],"curies":[{"name":"wp","href":"https:\/\/api.w.org\/{rel}","templated":true}]}}