{"id":225998,"date":"2026-01-12T12:30:10","date_gmt":"2026-01-12T12:30:10","guid":{"rendered":"https:\/\/www.europesays.com\/pt\/225998\/"},"modified":"2026-01-12T12:30:10","modified_gmt":"2026-01-12T12:30:10","slug":"viva-a-noite-vai-voltar-a-programacao-do-sbt-em-2026-12-01-2026-outro-canal","status":"publish","type":"post","link":"https:\/\/www.europesays.com\/pt\/225998\/","title":{"rendered":"Viva a Noite vai voltar \u00e0 programa\u00e7\u00e3o do SBT em 2026 &#8211; 12\/01\/2026 &#8211; Outro Canal"},"content":{"rendered":"<p>\n<strong class=\"c-signature__location\">Aracaju <\/strong>\n<\/p>\n<p>Ap\u00f3s ter bons resultados com dois programas especiais exibidos em novembro e dezembro, o<a href=\"https:\/\/f5.folha.uol.com.br\/televisao\/2019\/12\/gugu-liberato-lidera-edicao-do-viva-a-noite-de-1983-que-pode-ser-vista-de-graca-na-internet.shtml\" rel=\"nofollow noopener\" target=\"\"> Viva a Noite,<\/a> atra\u00e7\u00e3o cl\u00e1ssica que levou <a href=\"https:\/\/www1.folha.uol.com.br\/folha-topicos\/gugu\/\" rel=\"nofollow noopener\" target=\"_blank\">Gugu Liberato<\/a> (1959-2019) ao estrelato, vai voltar a programa\u00e7\u00e3o fixa do <a href=\"https:\/\/www1.folha.uol.com.br\/folha-topicos\/sbt\/\" rel=\"nofollow noopener\" target=\"_blank\">SBT<\/a> em 2026.<\/p>\n<p>  <a href=\"https:\/\/f5.folha.uol.com.br\/colunistas\/outro-canal\/\" rel=\"nofollow noopener\" target=\"_blank\"><br \/>\n    <img decoding=\"async\" src=\"https:\/\/www.europesays.com\/pt\/wp-content\/uploads\/2025\/10\/172599691166e09f6f54fe2_1725996911_1x1_xs.jpg\" alt=\"Foto de Outro Canal\" class=\"img-responsive c-lazyload\"\/><\/p>\n<p>  <\/a><\/p>\n<p class=\"author__description\">\n    Cobre diariamente os bastidores das novelas, do telejornalismo e da m\u00eddia esportiva. Tem como titular o jornalista Gabriel Vaquer\n  <\/p>\n","protected":false},"excerpt":{"rendered":"Aracaju Ap\u00f3s ter bons resultados com dois programas especiais exibidos em novembro e dezembro, o Viva a Noite,&hellip;\n","protected":false},"author":2,"featured_media":225999,"comment_status":"","ping_status":"","sticky":false,"template":"","format":"standard","meta":{"footnotes":""},"categories":[142],"tags":[219,211,223,114,115,224,225,226,12322,221,220,222,32,33,936,218,228,151,227,8042],"class_list":{"0":"post-225998","1":"post","2":"type-post","3":"status-publish","4":"format-standard","5":"has-post-thumbnail","7":"category-tv","8":"tag-bichos","9":"tag-celebridades","10":"tag-colunistas","11":"tag-entertainment","12":"tag-entretenimento","13":"tag-estranho","14":"tag-eu-amo","15":"tag-fofices","16":"tag-gugu","17":"tag-horoscopo","18":"tag-humanos","19":"tag-humor","20":"tag-portugal","21":"tag-pt","22":"tag-sbt","23":"tag-televisao","24":"tag-tudo","25":"tag-tv","26":"tag-videos","27":"tag-viva-a-noite"},"share_on_mastodon":{"url":"https:\/\/pubeurope.com\/@pt\/115882139501130616","error":""},"_links":{"self":[{"href":"https:\/\/www.europesays.com\/pt\/wp-json\/wp\/v2\/posts\/225998","targetHints":{"allow":["GET"]}}],"collection":[{"href":"https:\/\/www.europesays.com\/pt\/wp-json\/wp\/v2\/posts"}],"about":[{"href":"https:\/\/www.europesays.com\/pt\/wp-json\/wp\/v2\/types\/post"}],"author":[{"embeddable":true,"href":"https:\/\/www.europesays.com\/pt\/wp-json\/wp\/v2\/users\/2"}],"replies":[{"embeddable":true,"href":"https:\/\/www.europesays.com\/pt\/wp-json\/wp\/v2\/comments?post=225998"}],"version-history":[{"count":0,"href":"https:\/\/www.europesays.com\/pt\/wp-json\/wp\/v2\/posts\/225998\/revisions"}],"wp:featuredmedia":[{"embeddable":true,"href":"https:\/\/www.europesays.com\/pt\/wp-json\/wp\/v2\/media\/225999"}],"wp:attachment":[{"href":"https:\/\/www.europesays.com\/pt\/wp-json\/wp\/v2\/media?parent=225998"}],"wp:term":[{"taxonomy":"category","embeddable":true,"href":"https:\/\/www.europesays.com\/pt\/wp-json\/wp\/v2\/categories?post=225998"},{"taxonomy":"post_tag","embeddable":true,"href":"https:\/\/www.europesays.com\/pt\/wp-json\/wp\/v2\/tags?post=225998"}],"curies":[{"name":"wp","href":"https:\/\/api.w.org\/{rel}","templated":true}]}}