{"id":226000,"date":"2026-01-12T12:32:06","date_gmt":"2026-01-12T12:32:06","guid":{"rendered":"https:\/\/www.europesays.com\/pt\/226000\/"},"modified":"2026-01-12T12:32:06","modified_gmt":"2026-01-12T12:32:06","slug":"damson-idris-volta-a-comentar-rumores-sobre-interpretar-o-pantera-negra-no-mcu","status":"publish","type":"post","link":"https:\/\/www.europesays.com\/pt\/226000\/","title":{"rendered":"Damson Idris volta a comentar rumores sobre interpretar o Pantera Negra no MCU"},"content":{"rendered":"<p class=\"wp-block-yoast-seo-estimated-reading-time yoast-reading-time__wrapper\">Estimated reading time: 2 minutos<\/p>\n<p>Enquanto o fim da <strong>Saga do Multiverso<\/strong> continua abordando Shuri (<strong>Letitia Wright<\/strong>) como a atual <a href=\"https:\/\/ovicio.com.br\/tag\/pantera-negra\" target=\"_blank\" rel=\"noreferrer noopener nofollow\">Pantera Negra<\/a> do MCU, os f\u00e3s est\u00e3o convictos de que o reset da franquia trar\u00e1 um novo int\u00e9rprete para o her\u00f3i.<\/p>\n<p>Agora, em apari\u00e7\u00e3o recente, o suposto ator cotado para o novo T&#8217;Challa da <strong>Marvel Studios<\/strong>, <a href=\"https:\/\/ovicio.com.br\/tag\/damson-idris\" target=\"_blank\" rel=\"noreferrer noopener nofollow\">Damson Idris<\/a> (F1: O Filme), voltou a comentar se sua escala\u00e7\u00e3o estava realmente avan\u00e7ando no universo dos her\u00f3is, dizendo:<\/p>\n<p><strong>&#8220;Sou muito grato aos f\u00e3s. Claro que n\u00e3o passam de rumores, mas eu amo o filme [dele]. Eu amo este mundo.&#8221;<\/strong><\/p>\n<p>Tudo indica que, ap\u00f3s o fim da<strong> Saga do Multiverso<\/strong> com <a href=\"https:\/\/ovicio.com.br\/filme\/vingadores-guerras-secretas\" rel=\"nofollow noopener\" target=\"_blank\">Guerras Secretas (2027)<\/a>, her\u00f3is significativos do MCU receber\u00e3o novos int\u00e9rpretes, incluindo o <strong>Homem de Ferro<\/strong> e <strong>T&#8217;Challa.<\/strong> Entretanto, nada ainda est\u00e1 formalmente confirmado.<\/p>\n<p><a href=\"https:\/\/ovicio.com.br\/tag\/ryan-coogler\" target=\"_blank\" rel=\"noreferrer noopener nofollow\">Ryan Coogler<\/a> segue trabalhando no roteiro de <a href=\"https:\/\/ovicio.com.br\/tag\/pantera-negra-3\" target=\"_blank\" rel=\"noreferrer noopener nofollow\">Pantera Negra 3<\/a>, enquanto Shuri voltar\u00e1 a assumir o manto do personagem este ano em <strong>Vingadores: Doutor Destino<\/strong>, que estrear\u00e1 em 18 de dezembro.<\/p>\n<p>Leia mais sobre Damson Idris e o Pantera Negra:<\/p>\n<p><strong>Fonte: <\/strong><a href=\"https:\/\/x.com\/Variety\/status\/2010482639539462240\" target=\"_blank\" rel=\"noreferrer noopener nofollow\">Variety<\/a>.<\/p>\n","protected":false},"excerpt":{"rendered":"Estimated reading time: 2 minutos Enquanto o fim da Saga do Multiverso continua abordando Shuri (Letitia Wright) como&hellip;\n","protected":false},"author":2,"featured_media":226001,"comment_status":"","ping_status":"","sticky":false,"template":"","format":"standard","meta":{"footnotes":""},"categories":[140],"tags":[43504,114,115,147,148,12733,146,8745,40738,32,33,38364,16368],"class_list":{"0":"post-226000","1":"post","2":"type-post","3":"status-publish","4":"format-standard","5":"has-post-thumbnail","7":"category-filmes","8":"tag-damson-idris","9":"tag-entertainment","10":"tag-entretenimento","11":"tag-film","12":"tag-filmes","13":"tag-marvel-studios","14":"tag-movies","15":"tag-pantera-negra","16":"tag-pantera-negra-3","17":"tag-portugal","18":"tag-pt","19":"tag-saga-do-multiverso","20":"tag-vingadores-guerras-secretas"},"share_on_mastodon":{"url":"https:\/\/pubeurope.com\/@pt\/115882147590560268","error":""},"_links":{"self":[{"href":"https:\/\/www.europesays.com\/pt\/wp-json\/wp\/v2\/posts\/226000","targetHints":{"allow":["GET"]}}],"collection":[{"href":"https:\/\/www.europesays.com\/pt\/wp-json\/wp\/v2\/posts"}],"about":[{"href":"https:\/\/www.europesays.com\/pt\/wp-json\/wp\/v2\/types\/post"}],"author":[{"embeddable":true,"href":"https:\/\/www.europesays.com\/pt\/wp-json\/wp\/v2\/users\/2"}],"replies":[{"embeddable":true,"href":"https:\/\/www.europesays.com\/pt\/wp-json\/wp\/v2\/comments?post=226000"}],"version-history":[{"count":0,"href":"https:\/\/www.europesays.com\/pt\/wp-json\/wp\/v2\/posts\/226000\/revisions"}],"wp:featuredmedia":[{"embeddable":true,"href":"https:\/\/www.europesays.com\/pt\/wp-json\/wp\/v2\/media\/226001"}],"wp:attachment":[{"href":"https:\/\/www.europesays.com\/pt\/wp-json\/wp\/v2\/media?parent=226000"}],"wp:term":[{"taxonomy":"category","embeddable":true,"href":"https:\/\/www.europesays.com\/pt\/wp-json\/wp\/v2\/categories?post=226000"},{"taxonomy":"post_tag","embeddable":true,"href":"https:\/\/www.europesays.com\/pt\/wp-json\/wp\/v2\/tags?post=226000"}],"curies":[{"name":"wp","href":"https:\/\/api.w.org\/{rel}","templated":true}]}}