{"id":226009,"date":"2026-01-12T12:38:07","date_gmt":"2026-01-12T12:38:07","guid":{"rendered":"https:\/\/www.europesays.com\/pt\/226009\/"},"modified":"2026-01-12T12:38:07","modified_gmt":"2026-01-12T12:38:07","slug":"familiares-visitam-presos-politicos-pela-primeira-vez-desde-a-detencao-de-maduro","status":"publish","type":"post","link":"https:\/\/www.europesays.com\/pt\/226009\/","title":{"rendered":"Familiares visitam presos pol\u00edticos pela primeira vez desde a deten\u00e7\u00e3o de Maduro"},"content":{"rendered":"<p data-remotead-prev-elm=\"true\" data-remotead-elm-id=\"inread\">\u00c0 porta da pris\u00e3o de Rodeo I, perto de Caracas, Aurora Silva, mulher do ex-deputado Freddy Superlano, disse que conseguiu ver hoje o seu marido, ap\u00f3s &#8220;quase 18 meses&#8221; desde a sua deten\u00e7\u00e3o, a 30 de julho de 2024, em plena crise p\u00f3s-eleitoral na Venezuela.<\/p>\n<p>&#8220;Consegui v\u00ea-lo passado tanto tempo, consegui olhar atrav\u00e9s de uma divis\u00f3ria de vidro, pude confirmar que est\u00e1 vivo, que era o meu maior medo, e que est\u00e1 forte e convicto de que ser\u00e1 libertado em breve&#8221;, disse a ativista, referindo que, tal como ela, outras pessoas visitaram hoje pela primeira vez os seus familiares, em situa\u00e7\u00e3o de presos pol\u00edticos.<\/p>\n<p>Aurora Silva afirmou que os presos pol\u00edticos est\u00e3o &#8220;extremamente fortalecidos&#8221; e a aguardar que sejam libertados, e assegurou que o marido est\u00e1 confiante de que &#8220;isto vai terminar muito em breve&#8221;.<\/p>\n<p data-remotead-prev-elm=\"true\" data-remotead-elm-id=\"centro1\">&#8220;Este \u00e9 um Freddy diferente. Fazia um ano e quase seis meses sem o abra\u00e7ar e sem ouvir a sua voz&#8221;, exp\u00f4s Aurora Silva, reiterando a denuncia de que o ex-deputado &#8220;nem sequer teve acesso a um advogado privado&#8221; e que &#8220;estava praticamente em desaparecimento for\u00e7ado&#8221;.<\/p>\n<p>A mulher assegurou que ela e outros familiares permanecer\u00e3o no centro de deten\u00e7\u00e3o a fazer &#8220;a press\u00e3o necess\u00e1ria de forma c\u00edvica&#8221; para garantir a liberta\u00e7\u00e3o de todos os presos pol\u00edticos.<\/p>\n<p>A ativista voltou a apelar \u00e0 presidente interina da Venezuela, Delcy Rodriguez, e ao presidente do parlamento venezuelano, Jorge Rodr\u00edguez G\u00f3mez, para que &#8220;cumpram o compromisso que assumiram&#8221; em rela\u00e7\u00e3o \u00e0 liberta\u00e7\u00e3o dos presos pol\u00edticos.<\/p>\n<p data-remotead-prev-elm=\"true\" data-remotead-elm-id=\"centro2\">Tamb\u00e9m Juan Carlos Lago, pai do capit\u00e3o do Ex\u00e9rcito Juan Carlos Lago Ochoa, afirmou que hoje p\u00f4de ver o filho pela primeira vez desde a sua deten\u00e7\u00e3o, a 24 de janeiro de 2025.<\/p>\n<p>&#8220;H\u00e1 quase um ano que n\u00e3o sabia do seu paradeiro. Gra\u00e7as \u00e0 visita agendada para hoje, pude v\u00ea-lo e confirmar que est\u00e1 bem de sa\u00fade f\u00edsica e mentalmente&#8221;, disse, referindo que, at\u00e9 ent\u00e3o, negavam que o seu filho estivesse detido, acreditando que tal se devia porque &#8220;estavam a cumprir ordens&#8221;.<\/p>\n<p>&#8220;Com a gra\u00e7a de Deus, a Venezuela vai mudar. Liberta\u00e7\u00e3o para todos os presos pol\u00edticos&#8221;, exigiu Juan Carlos Lago.<\/p>\n<p data-remotead-prev-elm=\"true\" data-remotead-elm-id=\"centro3\">As organiza\u00e7\u00f5es n\u00e3o governamentais e a maioria da oposi\u00e7\u00e3o denunciam que o processo de liberta\u00e7\u00e3o de reclusos tem avan\u00e7ado a conta gotas.<\/p>\n<p>At\u00e9 ao meio-dia locais de hoje (16 horas em Portugal continental), a ONG Foro Penal contava apenas 17 liberta\u00e7\u00f5es, afirmando que 803 presos pol\u00edticos permaneciam encarcerados.<\/p>\n<p>Por outro lado, a Plataforma Democr\u00e1tica Unit\u00e1ria (PUD), a maior coliga\u00e7\u00e3o da oposi\u00e7\u00e3o, reportou 22 liberta\u00e7\u00f5es at\u00e9 \u00e0 tarde de s\u00e1bado, apelando \u00e0s autoridades para que &#8220;acelerem os processos de liberta\u00e7\u00e3o para que o sofrimento termine de vez&#8221;.<\/p>\n<p data-remotead-prev-elm=\"true\" data-remotead-elm-id=\"centro4\">Na madrugada deste domingo, a ONG Comit\u00e9 para a Liberdade dos Presos Pol\u00edticos denunciou a morte sob cust\u00f3dia do Estado de Edison Jos\u00e9 Torres Fern\u00e1ndez, um pol\u00edcia de 52 anos do estado de Portuguesa (oeste da Venezuela), que tinha sido detido a 09 de dezembro por &#8220;partilhar mensagens cr\u00edticas&#8221; contra o chavismo.<\/p>\n<p>No dia 3 de janeiro, os Estados Unidos lan\u00e7aram um ataque contra a Venezuela para capturar o l\u00edder venezuelano, Nicol\u00e1s Maduro, e a mulher, que foram levados para Nova Iorque para responder \u00e0s acusa\u00e7\u00f5es de tr\u00e1fico de droga, corrup\u00e7\u00e3o e branqueamento de capitais, tendo ambos declarado que est\u00e3o inocentes.<\/p>\n<p>Delcy Rodriguez, vice-presidente executiva de Maduro, assumiu a presid\u00eancia interina do pa\u00eds com o apoio das For\u00e7as Armadas.<\/p>\n","protected":false},"excerpt":{"rendered":"\u00c0 porta da pris\u00e3o de Rodeo I, perto de Caracas, Aurora Silva, mulher do ex-deputado Freddy Superlano, disse&hellip;\n","protected":false},"author":2,"featured_media":226010,"comment_status":"","ping_status":"","sticky":false,"template":"","format":"standard","meta":{"footnotes":""},"categories":[50],"tags":[27,28,41754,15,16,14,25,26,21,22,62,12,13,19,20,23,24,17,18,29,30,31,3023,63,64,65],"class_list":{"0":"post-226009","1":"post","2":"type-post","3":"status-publish","4":"format-standard","5":"has-post-thumbnail","7":"category-mundo","8":"tag-breaking-news","9":"tag-breakingnews","10":"tag-eua-atacam-venezuela","11":"tag-featured-news","12":"tag-featurednews","13":"tag-headlines","14":"tag-latest-news","15":"tag-latestnews","16":"tag-main-news","17":"tag-mainnews","18":"tag-mundo","19":"tag-news","20":"tag-noticias","21":"tag-noticias-principais","22":"tag-noticiasprincipais","23":"tag-principais-noticias","24":"tag-principaisnoticias","25":"tag-top-stories","26":"tag-topstories","27":"tag-ultimas","28":"tag-ultimas-noticias","29":"tag-ultimasnoticias","30":"tag-venezuela","31":"tag-world","32":"tag-world-news","33":"tag-worldnews"},"share_on_mastodon":{"url":"https:\/\/pubeurope.com\/@pt\/115882171216139658","error":""},"_links":{"self":[{"href":"https:\/\/www.europesays.com\/pt\/wp-json\/wp\/v2\/posts\/226009","targetHints":{"allow":["GET"]}}],"collection":[{"href":"https:\/\/www.europesays.com\/pt\/wp-json\/wp\/v2\/posts"}],"about":[{"href":"https:\/\/www.europesays.com\/pt\/wp-json\/wp\/v2\/types\/post"}],"author":[{"embeddable":true,"href":"https:\/\/www.europesays.com\/pt\/wp-json\/wp\/v2\/users\/2"}],"replies":[{"embeddable":true,"href":"https:\/\/www.europesays.com\/pt\/wp-json\/wp\/v2\/comments?post=226009"}],"version-history":[{"count":0,"href":"https:\/\/www.europesays.com\/pt\/wp-json\/wp\/v2\/posts\/226009\/revisions"}],"wp:featuredmedia":[{"embeddable":true,"href":"https:\/\/www.europesays.com\/pt\/wp-json\/wp\/v2\/media\/226010"}],"wp:attachment":[{"href":"https:\/\/www.europesays.com\/pt\/wp-json\/wp\/v2\/media?parent=226009"}],"wp:term":[{"taxonomy":"category","embeddable":true,"href":"https:\/\/www.europesays.com\/pt\/wp-json\/wp\/v2\/categories?post=226009"},{"taxonomy":"post_tag","embeddable":true,"href":"https:\/\/www.europesays.com\/pt\/wp-json\/wp\/v2\/tags?post=226009"}],"curies":[{"name":"wp","href":"https:\/\/api.w.org\/{rel}","templated":true}]}}