{"id":226011,"date":"2026-01-12T12:39:12","date_gmt":"2026-01-12T12:39:12","guid":{"rendered":"https:\/\/www.europesays.com\/pt\/226011\/"},"modified":"2026-01-12T12:39:12","modified_gmt":"2026-01-12T12:39:12","slug":"sobrinho-simoes-cancro-nao-tera-vacina-mas-pode-ser-cada-vez-mais-controlado","status":"publish","type":"post","link":"https:\/\/www.europesays.com\/pt\/226011\/","title":{"rendered":"Sobrinho Sim\u00f5es. Cancro n\u00e3o ter\u00e1 vacina mas pode ser cada vez mais controlado"},"content":{"rendered":"<p>                O cancro n\u00e3o ter\u00e1 uma vacina nem uma cura universal, mas est\u00e1 cada vez mais pr\u00f3ximo de ser uma doen\u00e7a control\u00e1vel. A mensagem \u00e9 clara e vem de uma das vozes da medicina portuguesa: Manuel Sobrinho Sim\u00f5es. <\/p>\n<p>O patologista e diretor do Instituto de Patologia e Imunologia Molecular da Universidade do Porto (IPATIMUP) defende, em declara\u00e7\u00f5es \u00e0 ag\u00eancia Lusa, que <b>o grande avan\u00e7o no combate ao cancro est\u00e1 no \u201ccontrolo da doen\u00e7a, na preven\u00e7\u00e3o e na informa\u00e7\u00e3o\u201d e n\u00e3o na promessa de uma solu\u00e7\u00e3o milagrosa<\/b>.<\/p>\n<p>Todos os anos, no mundo, o n\u00famero de cancros aumenta, mas &#8220;as pessoas que morrem de cancro n\u00e3o t\u00eam aumentado&#8221;, sublinha o investigador. Para Sobrinho Sim\u00f5es, vencedor do Pr\u00e9mio Pessoa em 2022, este dado traduz um progresso decisivo: <b>\u201cN\u00e3o podemos falar em cura, mas falamos em controlo. E perceber isso \u00e9 muito importante\u201d<\/b>. <\/p>\n<p>Atualmente, <b>cerca de dois ter\u00e7os das pessoas diagnosticadas com cancro j\u00e1 n\u00e3o morrem da doen\u00e7a<\/b>, um resultado que o patologista considera \u201cmuito bom\u201d. O mesmo se verifica no cancro da mama, em que 70 por cento das doentes sobrevivem, contrariando a imagem ainda assustadora associada \u00e0 palavra \u201ccancro\u201d em Portugal.\u00c9 precisamente para desmontar mitos, esclarecer d\u00favidas e aproximar a ci\u00eancia dos cidad\u00e3os que arranca na ter\u00e7a-feira a quinta edi\u00e7\u00e3o do ciclo \u201cTratar o Cancro por Tu\u201d, uma iniciativa do IPATIMUP, em parceria com a Antena 1. A edi\u00e7\u00e3o prolongar-se-\u00e1 at\u00e9 mar\u00e7o em v\u00e1rias cidades do pa\u00eds, incluindo Matosinhos, Guarda, \u00c9vora, Viana do Castelo, Guimar\u00e3es e Angra do Hero\u00edsmo.<br \/>&#13;<br \/>\n&#13;\n<\/p>\n<p>\u201cO que vai aparecer s\u00e3o cada vez mais situa\u00e7\u00f5es que conseguimos controlar. <b>Cada doente e cada cancro t\u00eam uma especificidade. N\u00e3o \u00e9 a mesma coisa do que uma vacina<\/b>\u201d, afirma Sobrinho Sim\u00f5es.  <\/p>\n<p>O objetivo das sess\u00f5es \u00e9 tornar a linguagem cient\u00edfica acess\u00edvel e ajudar as pessoas a compreenderem o que podem fazer- desde mudan\u00e7as na alimenta\u00e7\u00e3o at\u00e9 \u00e0 ado\u00e7\u00e3o de comportamentos preventivos- para transformar, sempre que poss\u00edvel, o cancro numa doen\u00e7a cr\u00f3nica control\u00e1vel.<\/p>\n<p>Apesar dos avan\u00e7os, os desafios permanecem. <b>Apenas 40 por cento dos casos de cancro podem ser antecipados atrav\u00e9s do rastreio, embora esta seja uma \u00e1rea na qual se verificaram melhorias significativas<\/b>.<\/p>\n<p>O patologista sublinha ainda que 90 por cento dos cancros n\u00e3o s\u00e3o heredit\u00e1rios, desmontando outro equ\u00edvoco comum. <b>\u201cO cancro \u00e9 uma doen\u00e7a gen\u00e9tica porque envolve altera\u00e7\u00f5es nas c\u00e9lulas, mas na maioria dos casos n\u00e3o resulta de genes herdados dos pais\u201d<\/b>, explica, apontando exemplos como o tabaco, que provoca muta\u00e7\u00f5es gen\u00e9ticas sem car\u00e1cter heredit\u00e1rio.<\/p>\n<p>A edi\u00e7\u00e3o deste ano de \u201cTratar o Cancro por Tu\u201d centra-se na preven\u00e7\u00e3o, dete\u00e7\u00e3o precoce e tratamento e conta com a participa\u00e7\u00e3o de especialistas nacionais e internacionais. A sess\u00e3o inaugural, em Matosinhos, tem como convidada Elisabete Weiderpass, diretora da Ag\u00eancia Internacional de Investiga\u00e7\u00e3o sobre o Cancro (IARC), que alerta para o facto de a Europa continuar a enfrentar \u201cgrandes desafios\u201d no aumento de novos casos. <\/p>\n<p>Para Weiderpass, <b>falar diretamente com os cidad\u00e3os \u201ccom clareza, empatia e verdade\u201d \u00e9 essencial para quebrar tabus e melhorar as estrat\u00e9gias de preven\u00e7\u00e3o e controlo da doen\u00e7a<\/b>.Uma vis\u00e3o que est\u00e1 no centro desta iniciativa, j\u00e1 respons\u00e1vel por 24 sess\u00f5es, mais de 3.500 participantes e presen\u00e7a em 15 cidades.<\/p>\n<p>A preven\u00e7\u00e3o do cancro, segundo Sobrinho Sim\u00f5es, deve passar pela consciencializa\u00e7\u00e3o, defendendo que \u201c<b>as pessoas precisam de saber que o cancro n\u00e3o \u00e9 uma infe\u00e7\u00e3o, mas sim uma doen\u00e7a que surge de dentro do pr\u00f3prio corpo\u201d<\/b>, pela desmitifica\u00e7\u00e3o da doen\u00e7a e na educa\u00e7\u00e3o ativa, de forma a que os jovens compreendam o conceito e adotem medidas preventivas. <\/p>\n<p>\u201cTratar o Cancro por Tu\u201d inclui tamb\u00e9m podcasts e <a href=\"https:\/\/www.rtp.pt\/play\/p9897\/tratar-o-cancro-por-tu\" target=\"_blank\" rel=\"nofollow noopener\">conte\u00fados dispon\u00edveis na RTP Play<\/a>, com o objetivo de refor\u00e7ar a literacia em sa\u00fade e demonstrar que o cancro \u00e9, cada vez mais, uma doen\u00e7a trat\u00e1vel e control\u00e1vel e n\u00e3o uma senten\u00e7a inevit\u00e1vel.<\/p>\n<p>c\/ Lusa<br \/>&#13;\n            <\/p>\n","protected":false},"excerpt":{"rendered":"O cancro n\u00e3o ter\u00e1 uma vacina nem uma cura universal, mas est\u00e1 cada vez mais pr\u00f3ximo de ser&hellip;\n","protected":false},"author":2,"featured_media":226012,"comment_status":"","ping_status":"","sticky":false,"template":"","format":"standard","meta":{"footnotes":""},"categories":[10],"tags":[27,28,1207,4357,15,16,14,25,26,21,22,12,13,19,20,32,23,24,33,43506,17,18,1130,29,30,31],"class_list":{"0":"post-226011","1":"post","2":"type-post","3":"status-publish","4":"format-standard","5":"has-post-thumbnail","7":"category-portugal","8":"tag-breaking-news","9":"tag-breakingnews","10":"tag-cancro","11":"tag-doenca","12":"tag-featured-news","13":"tag-featurednews","14":"tag-headlines","15":"tag-latest-news","16":"tag-latestnews","17":"tag-main-news","18":"tag-mainnews","19":"tag-news","20":"tag-noticias","21":"tag-noticias-principais","22":"tag-noticiasprincipais","23":"tag-portugal","24":"tag-principais-noticias","25":"tag-principaisnoticias","26":"tag-pt","27":"tag-sobrinho-simoes","28":"tag-top-stories","29":"tag-topstories","30":"tag-tratamento","31":"tag-ultimas","32":"tag-ultimas-noticias","33":"tag-ultimasnoticias"},"share_on_mastodon":{"url":"https:\/\/pubeurope.com\/@pt\/115882175140939377","error":""},"_links":{"self":[{"href":"https:\/\/www.europesays.com\/pt\/wp-json\/wp\/v2\/posts\/226011","targetHints":{"allow":["GET"]}}],"collection":[{"href":"https:\/\/www.europesays.com\/pt\/wp-json\/wp\/v2\/posts"}],"about":[{"href":"https:\/\/www.europesays.com\/pt\/wp-json\/wp\/v2\/types\/post"}],"author":[{"embeddable":true,"href":"https:\/\/www.europesays.com\/pt\/wp-json\/wp\/v2\/users\/2"}],"replies":[{"embeddable":true,"href":"https:\/\/www.europesays.com\/pt\/wp-json\/wp\/v2\/comments?post=226011"}],"version-history":[{"count":0,"href":"https:\/\/www.europesays.com\/pt\/wp-json\/wp\/v2\/posts\/226011\/revisions"}],"wp:featuredmedia":[{"embeddable":true,"href":"https:\/\/www.europesays.com\/pt\/wp-json\/wp\/v2\/media\/226012"}],"wp:attachment":[{"href":"https:\/\/www.europesays.com\/pt\/wp-json\/wp\/v2\/media?parent=226011"}],"wp:term":[{"taxonomy":"category","embeddable":true,"href":"https:\/\/www.europesays.com\/pt\/wp-json\/wp\/v2\/categories?post=226011"},{"taxonomy":"post_tag","embeddable":true,"href":"https:\/\/www.europesays.com\/pt\/wp-json\/wp\/v2\/tags?post=226011"}],"curies":[{"name":"wp","href":"https:\/\/api.w.org\/{rel}","templated":true}]}}