{"id":226032,"date":"2026-01-12T12:54:14","date_gmt":"2026-01-12T12:54:14","guid":{"rendered":"https:\/\/www.europesays.com\/pt\/226032\/"},"modified":"2026-01-12T12:54:14","modified_gmt":"2026-01-12T12:54:14","slug":"belenenses-acusa-o-caldas-de-postura-antidesportiva-e-leva-caso-a-fpf","status":"publish","type":"post","link":"https:\/\/www.europesays.com\/pt\/226032\/","title":{"rendered":"Belenenses acusa o Caldas de \u00abpostura antidesportiva\u00bb e leva caso \u00e0 FPF"},"content":{"rendered":"<p>O <a class=\"autolink-enabled\" data-resource-id=\"24794\" data-resource-type=\"team\" data-sport=\"football\" href=\"https:\/\/www.abola.pt\/futebol\/belenenses-24794\" rel=\"nofollow noopener\" target=\"_blank\">Belenenses<\/a> venceu (2-1) este domingo o <a class=\"autolink-enabled\" data-resource-id=\"5655\" data-resource-type=\"team\" data-sport=\"football\" href=\"https:\/\/www.abola.pt\/futebol\/caldas-5655\" rel=\"nofollow noopener\" target=\"_blank\">Caldas<\/a> no Campo da Mata, num jogo em que, de acordo com os azuis do Restelo, os seus adeptos n\u00e3o puderam entrar no est\u00e1dio com bandeiras devido a uma regra imposta pela equipa da casa.<\/p>\n<p>\u00abEste impedimento resultou de uma ordem dada pelo Caldas Sport Clube \u00e0s for\u00e7as de seguran\u00e7a presentes no recinto, enquanto promotor do espet\u00e1culo, sendo que a pronta interven\u00e7\u00e3o do Oficial de Liga\u00e7\u00e3o dos Adeptos, do Gestor de Seguran\u00e7a e de elementos da Dire\u00e7\u00e3o do Belenenses em nada possibilitou que a inexplic\u00e1vel decis\u00e3o do clube visitado fosse alterada\u00bb, pode ler-se em comunicado.<\/p>\n<p>A equipa que lidera a S\u00e9rie B da Liga 3 criticou assim o emblema advers\u00e1rio: \u00abO Belenenses come\u00e7a por registar a postura antidesportiva do Caldas Sport Clube e dos seus respons\u00e1veis, totalmente inexplic\u00e1vel e em flagrante viola\u00e7\u00e3o de toda a legisla\u00e7\u00e3o em vigor \u2013 que assim demonstram um curioso entendimento dos t\u00e3o proclamados valores do \u201cPuro Futebol\u201d que pretendem ser chancela desta competi\u00e7\u00e3o.\u00bb<\/p>\n<p>O Belenenses vai ainda apresentar \u00abuma exposi\u00e7\u00e3o detalhada dos acontecimentos\u00bb \u00e0 Federa\u00e7\u00e3o Portuguesa de Futebol, pedindo que se tomem \u00abmedidas efetivas a este tipo de situa\u00e7\u00f5es\u00bb.<\/p>\n","protected":false},"excerpt":{"rendered":"O Belenenses venceu (2-1) este domingo o Caldas no Campo da Mata, num jogo em que, de acordo&hellip;\n","protected":false},"author":2,"featured_media":226033,"comment_status":"","ping_status":"","sticky":false,"template":"","format":"standard","meta":{"footnotes":""},"categories":[8],"tags":[27,28,15,16,14,25,26,21,22,12,13,19,20,32,23,24,33,17,18,29,30,31],"class_list":{"0":"post-226032","1":"post","2":"type-post","3":"status-publish","4":"format-standard","5":"has-post-thumbnail","7":"category-principais-noticias","8":"tag-breaking-news","9":"tag-breakingnews","10":"tag-featured-news","11":"tag-featurednews","12":"tag-headlines","13":"tag-latest-news","14":"tag-latestnews","15":"tag-main-news","16":"tag-mainnews","17":"tag-news","18":"tag-noticias","19":"tag-noticias-principais","20":"tag-noticiasprincipais","21":"tag-portugal","22":"tag-principais-noticias","23":"tag-principaisnoticias","24":"tag-pt","25":"tag-top-stories","26":"tag-topstories","27":"tag-ultimas","28":"tag-ultimas-noticias","29":"tag-ultimasnoticias"},"share_on_mastodon":{"url":"https:\/\/pubeurope.com\/@pt\/115882233968898573","error":""},"_links":{"self":[{"href":"https:\/\/www.europesays.com\/pt\/wp-json\/wp\/v2\/posts\/226032","targetHints":{"allow":["GET"]}}],"collection":[{"href":"https:\/\/www.europesays.com\/pt\/wp-json\/wp\/v2\/posts"}],"about":[{"href":"https:\/\/www.europesays.com\/pt\/wp-json\/wp\/v2\/types\/post"}],"author":[{"embeddable":true,"href":"https:\/\/www.europesays.com\/pt\/wp-json\/wp\/v2\/users\/2"}],"replies":[{"embeddable":true,"href":"https:\/\/www.europesays.com\/pt\/wp-json\/wp\/v2\/comments?post=226032"}],"version-history":[{"count":0,"href":"https:\/\/www.europesays.com\/pt\/wp-json\/wp\/v2\/posts\/226032\/revisions"}],"wp:featuredmedia":[{"embeddable":true,"href":"https:\/\/www.europesays.com\/pt\/wp-json\/wp\/v2\/media\/226033"}],"wp:attachment":[{"href":"https:\/\/www.europesays.com\/pt\/wp-json\/wp\/v2\/media?parent=226032"}],"wp:term":[{"taxonomy":"category","embeddable":true,"href":"https:\/\/www.europesays.com\/pt\/wp-json\/wp\/v2\/categories?post=226032"},{"taxonomy":"post_tag","embeddable":true,"href":"https:\/\/www.europesays.com\/pt\/wp-json\/wp\/v2\/tags?post=226032"}],"curies":[{"name":"wp","href":"https:\/\/api.w.org\/{rel}","templated":true}]}}