{"id":226048,"date":"2026-01-12T13:07:07","date_gmt":"2026-01-12T13:07:07","guid":{"rendered":"https:\/\/www.europesays.com\/pt\/226048\/"},"modified":"2026-01-12T13:07:07","modified_gmt":"2026-01-12T13:07:07","slug":"uma-pessoa-desaparecida-apos-queda-de-viatura-em-praia-fluvial-de-mesao-frio","status":"publish","type":"post","link":"https:\/\/www.europesays.com\/pt\/226048\/","title":{"rendered":"Uma pessoa desaparecida ap\u00f3s queda de viatura em praia fluvial de Mes\u00e3o Frio"},"content":{"rendered":"<p data-remotead-prev-elm=\"true\" data-remotead-elm-id=\"inread\">Fonte do Comando Sub-Regional do Douro disse \u00e0 Lusa que o alerta para o acidente foi dado \u00e0s 9.17 horas, encontrando-se os meios no local em busca da pessoa que seguia na viatura ligeira.<\/p>\n<p>\u00c0s 10.15 horas, estavam no local 27 operacionais (Bombeiros de Lamego, Mes\u00e3o Frio e R\u00e9gua, Pol\u00edcia Mar\u00edtima e Guarda Nacional Republicana), com o apoio de 10 meios, incluindo um barco.<\/p>\n","protected":false},"excerpt":{"rendered":"Fonte do Comando Sub-Regional do Douro disse \u00e0 Lusa que o alerta para o acidente foi dado \u00e0s&hellip;\n","protected":false},"author":2,"featured_media":226049,"comment_status":"","ping_status":"","sticky":false,"template":"","format":"standard","meta":{"footnotes":""},"categories":[10],"tags":[1455,27,28,6031,19726,15,16,14,25,26,21,22,12,13,19,20,9699,32,23,24,33,17,18,29,30,31],"class_list":{"0":"post-226048","1":"post","2":"type-post","3":"status-publish","4":"format-standard","5":"has-post-thumbnail","7":"category-portugal","8":"tag-acidentes","9":"tag-breaking-news","10":"tag-breakingnews","11":"tag-buscas","12":"tag-concelho-mesao-frio","13":"tag-featured-news","14":"tag-featurednews","15":"tag-headlines","16":"tag-latest-news","17":"tag-latestnews","18":"tag-main-news","19":"tag-mainnews","20":"tag-news","21":"tag-noticias","22":"tag-noticias-principais","23":"tag-noticiasprincipais","24":"tag-policia-maritima","25":"tag-portugal","26":"tag-principais-noticias","27":"tag-principaisnoticias","28":"tag-pt","29":"tag-top-stories","30":"tag-topstories","31":"tag-ultimas","32":"tag-ultimas-noticias","33":"tag-ultimasnoticias"},"share_on_mastodon":{"url":"https:\/\/pubeurope.com\/@pt\/115882285385461026","error":""},"_links":{"self":[{"href":"https:\/\/www.europesays.com\/pt\/wp-json\/wp\/v2\/posts\/226048","targetHints":{"allow":["GET"]}}],"collection":[{"href":"https:\/\/www.europesays.com\/pt\/wp-json\/wp\/v2\/posts"}],"about":[{"href":"https:\/\/www.europesays.com\/pt\/wp-json\/wp\/v2\/types\/post"}],"author":[{"embeddable":true,"href":"https:\/\/www.europesays.com\/pt\/wp-json\/wp\/v2\/users\/2"}],"replies":[{"embeddable":true,"href":"https:\/\/www.europesays.com\/pt\/wp-json\/wp\/v2\/comments?post=226048"}],"version-history":[{"count":0,"href":"https:\/\/www.europesays.com\/pt\/wp-json\/wp\/v2\/posts\/226048\/revisions"}],"wp:featuredmedia":[{"embeddable":true,"href":"https:\/\/www.europesays.com\/pt\/wp-json\/wp\/v2\/media\/226049"}],"wp:attachment":[{"href":"https:\/\/www.europesays.com\/pt\/wp-json\/wp\/v2\/media?parent=226048"}],"wp:term":[{"taxonomy":"category","embeddable":true,"href":"https:\/\/www.europesays.com\/pt\/wp-json\/wp\/v2\/categories?post=226048"},{"taxonomy":"post_tag","embeddable":true,"href":"https:\/\/www.europesays.com\/pt\/wp-json\/wp\/v2\/tags?post=226048"}],"curies":[{"name":"wp","href":"https:\/\/api.w.org\/{rel}","templated":true}]}}