{"id":226050,"date":"2026-01-12T13:08:17","date_gmt":"2026-01-12T13:08:17","guid":{"rendered":"https:\/\/www.europesays.com\/pt\/226050\/"},"modified":"2026-01-12T13:08:17","modified_gmt":"2026-01-12T13:08:17","slug":"jogador-que-florentino-perez-mais-admira-no-barcelona-e-pesadelo-do-real-madrid","status":"publish","type":"post","link":"https:\/\/www.europesays.com\/pt\/226050\/","title":{"rendered":"Jogador que Florentino P\u00e9rez mais admira no Barcelona \u00e9 &#8216;pesadelo&#8217; do Real Madrid"},"content":{"rendered":"<p>O <a target=\"_blank\" class=\"editor-link autolink-enabled\" href=\"https:\/\/www.abola.pt\/futebol\/barcelona-205\" data-resource-id=\"205\" data-resource-type=\"team\" data-sport=\"football\" rel=\"nofollow noopener\">Barcelona<\/a> conquistou a Superta\u00e7a de Espanha no domingo, em Jeddah, ao vencer o eterno rival <a target=\"_blank\" class=\"editor-link autolink-enabled\" href=\"https:\/\/www.abola.pt\/futebol\/real-madrid-204\" data-resource-id=\"204\" data-resource-type=\"team\" data-sport=\"football\" rel=\"nofollow noopener\">Real Madrid<\/a>, por 3-2. <a target=\"_blank\" class=\"editor-link autolink-enabled\" href=\"https:\/\/www.abola.pt\/futebol\/jogador\/raphinha-8824\" data-resource-id=\"8824\" data-resource-type=\"player\" data-sport=\"football\" rel=\"nofollow noopener\">Raphinha<\/a> foi o grande art\u00edfice do triunfo blaugrana, ao marcar dois dos tr\u00eas golos da equipa catal\u00e3, acentuando a tend\u00eancia dos cl\u00e1ssicos recentes: o extremo brasileiro passou mesmo a ser o pesadelo dos merengues, uma vez que, nos \u00faltimos cinco duelos entre os dois colossos, marcou nada menos do que&#8230; sete (!) golos.<\/p>\n<p>Um registo que, por si s\u00f3, j\u00e1 seria de relevo, mas que ganha ainda maior import\u00e2ncia quando a not\u00edcia \u00e9 a \u00abgrande admira\u00e7\u00e3o\u00bb de Florentino P\u00e9rez pelo jogador que, em Portugal, defendeu as cores de <a class=\"autolink-enabled\" data-resource-id=\"443\" data-resource-type=\"team\" data-sport=\"football\" href=\"https:\/\/www.abola.pt\/futebol\/vitoria-de-guimaraes-443\" rel=\"nofollow noopener\" target=\"_blank\">Vit\u00f3ria de Guimar\u00e3es<\/a> e <a class=\"autolink-enabled\" data-resource-id=\"448\" data-resource-type=\"team\" data-sport=\"football\" href=\"https:\/\/www.abola.pt\/futebol\/sporting-448\" rel=\"nofollow noopener\" target=\"_blank\">Sporting<\/a>.<\/p>\n<p>De acordo com o jornal Mundo Deportivo, o presidente do Real ter\u00e1 confessado, em c\u00edrculos mais restritos, ser f\u00e3 do futebol de <a target=\"_blank\" class=\"editor-link autolink-enabled\" href=\"https:\/\/www.abola.pt\/futebol\/jogador\/raphinha-8824\" data-resource-id=\"8824\" data-resource-type=\"player\" data-sport=\"football\" rel=\"nofollow noopener\">Raphinha<\/a>, considerando-o mesmo o futebolista do Bar\u00e7a que mais admira, \u00e0 frente de outros craques como <a target=\"_blank\" class=\"editor-link autolink-enabled\" href=\"https:\/\/www.abola.pt\/futebol\/jogador\/lamine-yamal-278302\" data-resource-id=\"278302\" data-resource-type=\"player\" data-sport=\"football\" rel=\"nofollow noopener\">Lamine Yamal<\/a> e <a target=\"_blank\" class=\"editor-link autolink-enabled\" href=\"https:\/\/www.abola.pt\/futebol\/jogador\/pedri-213360\" data-resource-id=\"213360\" data-resource-type=\"player\" data-sport=\"football\" rel=\"nofollow noopener\">Pedri<\/a>.<\/p>\n<p>Da admira\u00e7\u00e3o ao proveito vai, por\u00e9m, uma enorme dist\u00e2ncia e nesse aspeto quem leva vantagem \u00e9 o <a class=\"autolink-enabled\" data-resource-id=\"205\" data-resource-type=\"team\" data-sport=\"football\" href=\"https:\/\/www.abola.pt\/futebol\/barcelona-205\" rel=\"nofollow noopener\" target=\"_blank\">Barcelona<\/a> e o seu treinador, Hansi Flick. O alem\u00e3o desdobrou-se em elogios ao internacional canarinho ap\u00f3s o triunfo de domingo sobre os madrilenos. \u00abTem uma mentalidade incr\u00edvel. \u00c9 muito din\u00e2mico e isso impacta a equipa. Falhou a primeira oportunidade que teve, mas marcou a segunda e ganhou confian\u00e7a. D\u00e1 muita intensidade ao nosso jogo\u00bb, afirmou o homem do leme cul\u00e9.<\/p>\n<p><a class=\"autolink-enabled\" data-resource-id=\"8824\" data-resource-type=\"player\" data-sport=\"football\" href=\"https:\/\/www.abola.pt\/futebol\/jogador\/raphinha-8824\" rel=\"nofollow noopener\" target=\"_blank\">Raphinha<\/a>, recorde-se, sofreu uma les\u00e3o em setembro que o afastou dos relvados durante praticamente dois meses. Voltou no final de novembro e n\u00e3o tardou a recuperar a boa forma: soma oito golos e duas assist\u00eancias nos \u00faltimos 10 encontros.<\/p>\n<p>            <img decoding=\"async\" src=\"https:\/\/www.europesays.com\/pt\/wp-content\/uploads\/2026\/01\/425a47fe-239b-4ee0-be8c-b23a2eb778e8.jpeg\" alt=\"\" width=\"620\" class=\"w-full object-cover\"\/><\/p>\n<p>                    Raphinha bisou frente ao Real Madrid e levantou a Superta\u00e7a de Espanha<\/p>\n","protected":false},"excerpt":{"rendered":"O Barcelona conquistou a Superta\u00e7a de Espanha no domingo, em Jeddah, ao vencer o eterno rival Real Madrid,&hellip;\n","protected":false},"author":2,"featured_media":226051,"comment_status":"","ping_status":"","sticky":false,"template":"","format":"standard","meta":{"footnotes":""},"categories":[8],"tags":[27,28,15,16,14,25,26,21,22,12,13,19,20,32,23,24,33,17,18,29,30,31],"class_list":{"0":"post-226050","1":"post","2":"type-post","3":"status-publish","4":"format-standard","5":"has-post-thumbnail","7":"category-principais-noticias","8":"tag-breaking-news","9":"tag-breakingnews","10":"tag-featured-news","11":"tag-featurednews","12":"tag-headlines","13":"tag-latest-news","14":"tag-latestnews","15":"tag-main-news","16":"tag-mainnews","17":"tag-news","18":"tag-noticias","19":"tag-noticias-principais","20":"tag-noticiasprincipais","21":"tag-portugal","22":"tag-principais-noticias","23":"tag-principaisnoticias","24":"tag-pt","25":"tag-top-stories","26":"tag-topstories","27":"tag-ultimas","28":"tag-ultimas-noticias","29":"tag-ultimasnoticias"},"share_on_mastodon":{"url":"https:\/\/pubeurope.com\/@pt\/115882289282851540","error":""},"_links":{"self":[{"href":"https:\/\/www.europesays.com\/pt\/wp-json\/wp\/v2\/posts\/226050","targetHints":{"allow":["GET"]}}],"collection":[{"href":"https:\/\/www.europesays.com\/pt\/wp-json\/wp\/v2\/posts"}],"about":[{"href":"https:\/\/www.europesays.com\/pt\/wp-json\/wp\/v2\/types\/post"}],"author":[{"embeddable":true,"href":"https:\/\/www.europesays.com\/pt\/wp-json\/wp\/v2\/users\/2"}],"replies":[{"embeddable":true,"href":"https:\/\/www.europesays.com\/pt\/wp-json\/wp\/v2\/comments?post=226050"}],"version-history":[{"count":0,"href":"https:\/\/www.europesays.com\/pt\/wp-json\/wp\/v2\/posts\/226050\/revisions"}],"wp:featuredmedia":[{"embeddable":true,"href":"https:\/\/www.europesays.com\/pt\/wp-json\/wp\/v2\/media\/226051"}],"wp:attachment":[{"href":"https:\/\/www.europesays.com\/pt\/wp-json\/wp\/v2\/media?parent=226050"}],"wp:term":[{"taxonomy":"category","embeddable":true,"href":"https:\/\/www.europesays.com\/pt\/wp-json\/wp\/v2\/categories?post=226050"},{"taxonomy":"post_tag","embeddable":true,"href":"https:\/\/www.europesays.com\/pt\/wp-json\/wp\/v2\/tags?post=226050"}],"curies":[{"name":"wp","href":"https:\/\/api.w.org\/{rel}","templated":true}]}}