{"id":226054,"date":"2026-01-12T13:10:07","date_gmt":"2026-01-12T13:10:07","guid":{"rendered":"https:\/\/www.europesays.com\/pt\/226054\/"},"modified":"2026-01-12T13:10:07","modified_gmt":"2026-01-12T13:10:07","slug":"gra-bretanha-torna-se-galeria-a-ceu-aberto-com-retratos-da-sua-diversidade-fotogaleria","status":"publish","type":"post","link":"https:\/\/www.europesays.com\/pt\/226054\/","title":{"rendered":"Gr\u00e3-Bretanha torna-se galeria a c\u00e9u aberto com retratos da sua diversidade | Fotogaleria"},"content":{"rendered":"<p>A Gr\u00e3-Bretanha acordou vestida de galeria de arte. Expostas em outdoors, cem fotografias que resultaram do concurso <a href=\"https:\/\/www.1854.photography\/awards\/portrait-of-britain\/\" target=\"_blank\" rel=\"nofollow noopener\">Portrait\u00a0of\u00a0Britain<\/a>, retratos de pessoas que &#8220;comp\u00f5em a Gr\u00e3-Bretanha moderna&#8221;, est\u00e3o espalhadas pelas as ruas, centros comerciais, esta\u00e7\u00f5es de comboios e de autocarros da ilha\u00a0que abriga a Inglaterra, Esc\u00f3cia e Pa\u00eds de Gales. &#8220;A exposi\u00e7\u00e3o celebra o rico tecido humano do territ\u00f3rio, transformando as suas hist\u00f3rias em arte p\u00fablica&#8221;, l\u00ea-se no comunicado enviado pela organiza\u00e7\u00e3o ao P3.<\/p>\n<p>&#8220;A colec\u00e7\u00e3o deste ano prova que as hist\u00f3rias mais interessantes da Gr\u00e3-Bretanha n\u00e3o emergem da geografia ou da ideologia, mas sim de uma variedade extraordin\u00e1ria de pessoas que a habitam&#8221;, l\u00ea-se no comunicado enviado pelo concurso que nasceu em pleno turbilh\u00e3o do Brexit, em 2016. &#8220;Estes retratos incluem veteranos, cientistas, peixeiros, bailarinas e agricultores [&#8230;] indiv\u00edduos nascidos e criados no Reino Unido&#8221;, mas n\u00e3o s\u00f3.<\/p>\n<p>Os retratados s\u00e3o pessoas que, independentemente da sua origem, vivem ou viveram, em 2025, em territ\u00f3rio da Gr\u00e3-Bretanha. &#8220;Podem ter chegado ao pa\u00eds ainda na inf\u00e2ncia, ter vindo para Inglaterra para evitar lugares de guerra ou conflito, podem mesmo ter estado c\u00e1 apenas de passagem&#8221;, enumera a organiza\u00e7\u00e3o; o mais importante \u00e9 que os seus retratos, os seus rostos, a sua presen\u00e7a &#8220;desafiam suposi\u00e7\u00f5es acerca do que significa pertencer&#8221;.<\/p>\n<p>Para al\u00e9m de proporcionar uma &#8220;galeria a c\u00e9u aberto&#8221; do tamanho do pa\u00eds, o concurso organizado pela <a href=\"https:\/\/www.instagram.com\/bjp1854\" target=\"_blank\" rel=\"nofollow noopener\">British Journal of Photography<\/a> em\u00a0parceria com a empresa de outdoors\u00a0JCDecaux UK\u00a0seleccionou 200 fotografias para integrar o fotolivro Portrait\u00a0of\u00a0Britain, \u200b8\u00ba volume, editado pela <a href=\"https:\/\/www.instagram.com\/bluecoatpress\" target=\"_blank\" rel=\"nofollow noopener\">Bluecoat Press<\/a>.<\/p>\n<p>A exposi\u00e7\u00e3o ir\u00e1 permanecer nas ruas at\u00e9 8 de Fevereiro &#8220;prometendo transformar os\u00a0trajectos di\u00e1rios, idas \u00e0s compras e passeios&#8221;\u00a0dos brit\u00e2nicos. &#8220;Trata-se da maior exposi\u00e7\u00e3o de fotografia da Gr\u00e3-Bretanha e \u00e9 vista, anualmente, por milh\u00f5es de pessoas.&#8221;<\/p>\n<p>\t\t\t\t<script async src=\"\/\/www.instagram.com\/embed.js\"><\/script><\/p>\n","protected":false},"excerpt":{"rendered":"A Gr\u00e3-Bretanha acordou vestida de galeria de arte. Expostas em outdoors, cem fotografias que resultaram do concurso Portrait\u00a0of\u00a0Britain,&hellip;\n","protected":false},"author":2,"featured_media":226055,"comment_status":"","ping_status":"","sticky":false,"template":"","format":"standard","meta":{"footnotes":""},"categories":[144],"tags":[207,205,206,203,201,202,204,114,115,32,33],"class_list":{"0":"post-226054","1":"post","2":"type-post","3":"status-publish","4":"format-standard","5":"has-post-thumbnail","7":"category-arte-e-design","8":"tag-arte","9":"tag-arte-e-design","10":"tag-artedesign","11":"tag-arts","12":"tag-arts-and-design","13":"tag-artsanddesign","14":"tag-design","15":"tag-entertainment","16":"tag-entretenimento","17":"tag-portugal","18":"tag-pt"},"share_on_mastodon":{"url":"https:\/\/pubeurope.com\/@pt\/115882296759634444","error":""},"_links":{"self":[{"href":"https:\/\/www.europesays.com\/pt\/wp-json\/wp\/v2\/posts\/226054","targetHints":{"allow":["GET"]}}],"collection":[{"href":"https:\/\/www.europesays.com\/pt\/wp-json\/wp\/v2\/posts"}],"about":[{"href":"https:\/\/www.europesays.com\/pt\/wp-json\/wp\/v2\/types\/post"}],"author":[{"embeddable":true,"href":"https:\/\/www.europesays.com\/pt\/wp-json\/wp\/v2\/users\/2"}],"replies":[{"embeddable":true,"href":"https:\/\/www.europesays.com\/pt\/wp-json\/wp\/v2\/comments?post=226054"}],"version-history":[{"count":0,"href":"https:\/\/www.europesays.com\/pt\/wp-json\/wp\/v2\/posts\/226054\/revisions"}],"wp:featuredmedia":[{"embeddable":true,"href":"https:\/\/www.europesays.com\/pt\/wp-json\/wp\/v2\/media\/226055"}],"wp:attachment":[{"href":"https:\/\/www.europesays.com\/pt\/wp-json\/wp\/v2\/media?parent=226054"}],"wp:term":[{"taxonomy":"category","embeddable":true,"href":"https:\/\/www.europesays.com\/pt\/wp-json\/wp\/v2\/categories?post=226054"},{"taxonomy":"post_tag","embeddable":true,"href":"https:\/\/www.europesays.com\/pt\/wp-json\/wp\/v2\/tags?post=226054"}],"curies":[{"name":"wp","href":"https:\/\/api.w.org\/{rel}","templated":true}]}}