{"id":226068,"date":"2026-01-12T13:22:14","date_gmt":"2026-01-12T13:22:14","guid":{"rendered":"https:\/\/www.europesays.com\/pt\/226068\/"},"modified":"2026-01-12T13:22:14","modified_gmt":"2026-01-12T13:22:14","slug":"fc-porto-oficializa-renovacao-de-farioli-e-anuncia-novo-treinador-adjunto-2","status":"publish","type":"post","link":"https:\/\/www.europesays.com\/pt\/226068\/","title":{"rendered":"FC Porto oficializa renova\u00e7\u00e3o de Farioli e anuncia novo treinador-adjunto"},"content":{"rendered":"<p>O <a class=\"autolink-enabled\" data-resource-id=\"451\" data-resource-type=\"team\" data-sport=\"football\" href=\"https:\/\/www.abola.pt\/futebol\/fc-porto-451\" rel=\"nofollow noopener\" target=\"_blank\">FC Porto<\/a> oficializou, este domingo, a renova\u00e7\u00e3o de contrato de Francesco Farioli at\u00e9 30 de junho de 2028, adicionando um ano ao v\u00ednculo anterior, que era v\u00e1lido at\u00e9 ao final da \u00e9poca 2026\/27.<\/p>\n<p>Em simult\u00e2neo, o treinador italiano passa a contar com mais um elemento na respetiva equipa t\u00e9cnica: Felipe S\u00e1nchez, que at\u00e9 agora desempenhava o papel de adjunto na Real Sociedad e que j\u00e1 tinha acompanhado Farioli no Karagumruk, Alanyaspor, Nice e Ajax. O espanhol junta-se a Dave Vos, Lino Godinho, Lucho Gonz\u00e1lez e Andr\u00e9 Castro (adjuntos), Callum Walsh (preparador f\u00edsico), Osman Kul (analista), I\u00f1aki Ulloa e Diogo Almeida (treinadores de guarda-redes).<\/p>\n<p>A cerim\u00f3nia de renova\u00e7\u00e3o de Farioli teve como cen\u00e1rio a famosa Livraria Lello, marco hist\u00f3rico da cidade Invicta. Desde a chegada do treinador italiano, ficou clara a liga\u00e7\u00e3o \u00e0 identidade do FC Porto e \u00e0 cidade, agora refor\u00e7ada com a assinatura de um novo v\u00ednculo&#8230; num lugar ic\u00f3nico.<\/p>\n","protected":false},"excerpt":{"rendered":"O FC Porto oficializou, este domingo, a renova\u00e7\u00e3o de contrato de Francesco Farioli at\u00e9 30 de junho de&hellip;\n","protected":false},"author":2,"featured_media":226069,"comment_status":"","ping_status":"","sticky":false,"template":"","format":"standard","meta":{"footnotes":""},"categories":[8],"tags":[27,28,15,16,14,25,26,21,22,12,13,19,20,32,23,24,33,17,18,29,30,31],"class_list":{"0":"post-226068","1":"post","2":"type-post","3":"status-publish","4":"format-standard","5":"has-post-thumbnail","7":"category-principais-noticias","8":"tag-breaking-news","9":"tag-breakingnews","10":"tag-featured-news","11":"tag-featurednews","12":"tag-headlines","13":"tag-latest-news","14":"tag-latestnews","15":"tag-main-news","16":"tag-mainnews","17":"tag-news","18":"tag-noticias","19":"tag-noticias-principais","20":"tag-noticiasprincipais","21":"tag-portugal","22":"tag-principais-noticias","23":"tag-principaisnoticias","24":"tag-pt","25":"tag-top-stories","26":"tag-topstories","27":"tag-ultimas","28":"tag-ultimas-noticias","29":"tag-ultimasnoticias"},"share_on_mastodon":{"url":"https:\/\/pubeurope.com\/@pt\/115882344096946434","error":""},"_links":{"self":[{"href":"https:\/\/www.europesays.com\/pt\/wp-json\/wp\/v2\/posts\/226068","targetHints":{"allow":["GET"]}}],"collection":[{"href":"https:\/\/www.europesays.com\/pt\/wp-json\/wp\/v2\/posts"}],"about":[{"href":"https:\/\/www.europesays.com\/pt\/wp-json\/wp\/v2\/types\/post"}],"author":[{"embeddable":true,"href":"https:\/\/www.europesays.com\/pt\/wp-json\/wp\/v2\/users\/2"}],"replies":[{"embeddable":true,"href":"https:\/\/www.europesays.com\/pt\/wp-json\/wp\/v2\/comments?post=226068"}],"version-history":[{"count":0,"href":"https:\/\/www.europesays.com\/pt\/wp-json\/wp\/v2\/posts\/226068\/revisions"}],"wp:featuredmedia":[{"embeddable":true,"href":"https:\/\/www.europesays.com\/pt\/wp-json\/wp\/v2\/media\/226069"}],"wp:attachment":[{"href":"https:\/\/www.europesays.com\/pt\/wp-json\/wp\/v2\/media?parent=226068"}],"wp:term":[{"taxonomy":"category","embeddable":true,"href":"https:\/\/www.europesays.com\/pt\/wp-json\/wp\/v2\/categories?post=226068"},{"taxonomy":"post_tag","embeddable":true,"href":"https:\/\/www.europesays.com\/pt\/wp-json\/wp\/v2\/tags?post=226068"}],"curies":[{"name":"wp","href":"https:\/\/api.w.org\/{rel}","templated":true}]}}