{"id":226105,"date":"2026-01-12T13:49:07","date_gmt":"2026-01-12T13:49:07","guid":{"rendered":"https:\/\/www.europesays.com\/pt\/226105\/"},"modified":"2026-01-12T13:49:07","modified_gmt":"2026-01-12T13:49:07","slug":"portugal-e-o-unico-pais-da-europa-com-excesso-de-mortalidade","status":"publish","type":"post","link":"https:\/\/www.europesays.com\/pt\/226105\/","title":{"rendered":"Portugal \u00e9 o \u00fanico pa\u00eds da Europa com excesso de mortalidade"},"content":{"rendered":"<p data-remotead-prev-elm=\"true\" data-remotead-elm-id=\"inread\">O seman\u00e1rio escreve na sua edi\u00e7\u00e3o online que &#8220;s\u00e3o j\u00e1 30 dias consecutivos com um n\u00famero de mortes acima dos n\u00edveis expect\u00e1veis&#8221;. Acrescenta que a tend\u00eancia se manteve no in\u00edcio do novo ano, com o dia 2 de janeiro a registar 540 \u00f3bitos, o que corresponde a &#8220;um excesso de mortalidade de 52%&#8221;, e tamb\u00e9m no dia 4 se superaram as 500 mortes.<\/p>\n<p>Citando a rede europeia de monitoriza\u00e7\u00e3o da mortalidade (<a href=\"https:\/\/www.euromomo.eu\/\" target=\"_blank\" rel=\"nofollow noopener\">EUROMOMO<\/a>), l\u00ea-se ainda que Portugal registava na \u00fatima semana do ano &#8220;um excesso de mortalidade muito elevado quando nos restantes pa\u00edses j\u00e1 nem sequer se verifica uma situa\u00e7\u00e3o de excesso de \u00f3bitos&#8221;.<\/p>\n<p>Segundo o \u00faltimo balan\u00e7o da Dire\u00e7\u00e3o-Geral da Sa\u00fade (DGS), divulgado no passado dia 8, Portugal regista desde o in\u00edcio de dezembro um excesso de mortalidade de cerca de 22% associado ao <a href=\"https:\/\/www.jn.pt\/nacional\/artigo\/frio-e-gripe-elevam-excesso-de-mortalidade-para-cerca-de-22\/18038248\" target=\"_blank\" rel=\"nofollow noopener\">frio e \u00e0 epidemia de gripe<\/a>, com aumento proporcional das mortes por doen\u00e7as respirat\u00f3rias. A DGS e o Instituto Nacional de Sa\u00fade Dr. Ricardo Jorge (Insa) referem que o excesso de mortalidade registado \u00e9 um padr\u00e3o compat\u00edvel com a fase epid\u00e9mica da gripe sazonal, com maior incid\u00eancia nos grupos et\u00e1rios mais avan\u00e7ados, a partir dos 65 anos, em particular na popula\u00e7\u00e3o com 85 e mais anos, que apresenta maior vulnerabilidade aos efeitos combinados das infe\u00e7\u00f5es respirat\u00f3rias e das temperaturas extremas.<\/p>\n<p>&#8220;O ano passado terminou com 122 mil mortes (&#8230;) acima das 116 mil registadas em 2024&#8221;, refere o &#8220;Expresso&#8221;, acrescentando que s\u00f3 no m\u00eas de dezembro morreram 12.842 pessoas em 2025, quando no ano anterior foram 10.939.<\/p>\n","protected":false},"excerpt":{"rendered":"O seman\u00e1rio escreve na sua edi\u00e7\u00e3o online que &#8220;s\u00e3o j\u00e1 30 dias consecutivos com um n\u00famero de mortes&hellip;\n","protected":false},"author":2,"featured_media":226106,"comment_status":"","ping_status":"","sticky":false,"template":"","format":"standard","meta":{"footnotes":""},"categories":[10],"tags":[27,28,3708,15,16,9086,1418,14,25,26,21,22,12262,619,12,13,19,20,32,23,24,33,17,18,29,30,31],"class_list":{"0":"post-226105","1":"post","2":"type-post","3":"status-publish","4":"format-standard","5":"has-post-thumbnail","7":"category-portugal","8":"tag-breaking-news","9":"tag-breakingnews","10":"tag-dgs","11":"tag-featured-news","12":"tag-featurednews","13":"tag-frio","14":"tag-gripe","15":"tag-headlines","16":"tag-latest-news","17":"tag-latestnews","18":"tag-main-news","19":"tag-mainnews","20":"tag-mortalidade","21":"tag-nacional","22":"tag-news","23":"tag-noticias","24":"tag-noticias-principais","25":"tag-noticiasprincipais","26":"tag-portugal","27":"tag-principais-noticias","28":"tag-principaisnoticias","29":"tag-pt","30":"tag-top-stories","31":"tag-topstories","32":"tag-ultimas","33":"tag-ultimas-noticias","34":"tag-ultimasnoticias"},"share_on_mastodon":{"url":"https:\/\/pubeurope.com\/@pt\/115882450348363951","error":""},"_links":{"self":[{"href":"https:\/\/www.europesays.com\/pt\/wp-json\/wp\/v2\/posts\/226105","targetHints":{"allow":["GET"]}}],"collection":[{"href":"https:\/\/www.europesays.com\/pt\/wp-json\/wp\/v2\/posts"}],"about":[{"href":"https:\/\/www.europesays.com\/pt\/wp-json\/wp\/v2\/types\/post"}],"author":[{"embeddable":true,"href":"https:\/\/www.europesays.com\/pt\/wp-json\/wp\/v2\/users\/2"}],"replies":[{"embeddable":true,"href":"https:\/\/www.europesays.com\/pt\/wp-json\/wp\/v2\/comments?post=226105"}],"version-history":[{"count":0,"href":"https:\/\/www.europesays.com\/pt\/wp-json\/wp\/v2\/posts\/226105\/revisions"}],"wp:featuredmedia":[{"embeddable":true,"href":"https:\/\/www.europesays.com\/pt\/wp-json\/wp\/v2\/media\/226106"}],"wp:attachment":[{"href":"https:\/\/www.europesays.com\/pt\/wp-json\/wp\/v2\/media?parent=226105"}],"wp:term":[{"taxonomy":"category","embeddable":true,"href":"https:\/\/www.europesays.com\/pt\/wp-json\/wp\/v2\/categories?post=226105"},{"taxonomy":"post_tag","embeddable":true,"href":"https:\/\/www.europesays.com\/pt\/wp-json\/wp\/v2\/tags?post=226105"}],"curies":[{"name":"wp","href":"https:\/\/api.w.org\/{rel}","templated":true}]}}