{"id":226107,"date":"2026-01-12T13:50:21","date_gmt":"2026-01-12T13:50:21","guid":{"rendered":"https:\/\/www.europesays.com\/pt\/226107\/"},"modified":"2026-01-12T13:50:21","modified_gmt":"2026-01-12T13:50:21","slug":"cedro-de-runa-eleito-arvore-do-ano-em-portugal","status":"publish","type":"post","link":"https:\/\/www.europesays.com\/pt\/226107\/","title":{"rendered":"Cedro de Runa eleito \u00c1rvore do Ano em Portugal"},"content":{"rendered":"<p class=\"category\"><a href=\"https:\/\/sicnoticias.pt\/pais\/ambiente\" rel=\"nofollow noopener\" target=\"_blank\">Ambiente<\/a><\/p>\n<p class=\"g-article-lead lead\" data-field=\"lead\">Plantado no in\u00edcio dos anos 1950 pelo Sr. Alfredo, o cedro tornou-se, ao longo das d\u00e9cadas, parte essencial da hist\u00f3ria e da identidade da aldeia de Runa. Eleita a \u00c1rvore do Ano, vai agora representar Portugal num concurso europeu.<\/p>\n<p><img decoding=\"async\" src=\"https:\/\/www.europesays.com\/pt\/wp-content\/uploads\/2026\/01\/1768225821_861_original.webp\" alt=\"Cedro de Runa\"\/><\/p>\n<p>Cedro de Runa<\/p>\n<p>UNAC<\/p>\n<p><strong>O Cedro da Igreja de Runa, uma \u00e1rvore com 75 anos na freguesia de Runa, concelho de Torres Vedras, foi eleito o vencedor do concurso <\/strong><a href=\"https:\/\/arvoredoanoportugal.pt\/\" target=\"_blank\" rel=\"noopener noreferrer nofollow\"><strong>\u00c1rvore do Ano de Portugal<\/strong><\/a><strong> de 2026, com mais de 18.000 votos.<\/strong><\/p>\n<blockquote>\n<p>&#8220;Plantado no in\u00edcio dos anos 1950 pelo Sr. Alfredo, o cedro tornou-se, ao longo das d\u00e9cadas, parte essencial da hist\u00f3ria e da identidade da aldeia de Runa&#8221;, l\u00ea-se num comunicado da Uni\u00e3o da Floresta Mediterr\u00e2nica (UNAC).<\/p>\n<\/blockquote>\n<p>O Cedro de Runa vai agora representar Portugal no concurso europeu <a href=\"https:\/\/www.treeoftheyear.org\/\" target=\"_blank\" rel=\"noopener noreferrer nofollow\">European Tree of the Year<\/a> (\u00c1vore do Ano, em portugu\u00eas), que decorre em fevereiro.<\/p>\n<p><strong>Veja as 10 primeiras classificadas:<\/strong><\/p>\n<ul>\n<li>1 &#8211; Cedro de Runa (Runa, Torres Vedras)<\/li>\n<li>2 &#8211; \u00c1vore-de-Borracha-Australiana (Ponta Delgada, A\u00e7ores)<\/li>\n<li>3 &#8211; Canfoeira da ESAC (Bencanta, Coimbra)<\/li>\n<li>4 &#8211; Azinheira da P\u00f3voa (P\u00f3voa, Miranda do Douro)<\/li>\n<li>5 &#8211; Carvalho de Calvos (Calvos, P\u00f3voa de Lanhoso)<\/li>\n<li>6 &#8211; Cedro do Noval (Vale de Mendiz, Alij\u00f3, Vila Real)<\/li>\n<li>7 &#8211; Arauc\u00e1ria do Parque Terra Nostra (Furnas, A\u00e7ores)<\/li>\n<li>8 &#8211; Tulipeiro da Virg\u00ednia (Biscainhos, Braga)<\/li>\n<li>9 &#8211; \u00c1rvore M\u00e3e da Casa de Mateus (Mateus, Vila Real)<\/li>\n<li>10 &#8211; \u00c1rvore do Tanque (Viseu)<\/li>\n<\/ul>\n","protected":false},"excerpt":{"rendered":"Ambiente Plantado no in\u00edcio dos anos 1950 pelo Sr. Alfredo, o cedro tornou-se, ao longo das d\u00e9cadas, parte&hellip;\n","protected":false},"author":2,"featured_media":226108,"comment_status":"","ping_status":"","sticky":false,"template":"","format":"standard","meta":{"footnotes":""},"categories":[8],"tags":[27,28,15,16,14,25,26,21,22,12,13,19,20,32,23,24,33,17,18,29,30,31],"class_list":{"0":"post-226107","1":"post","2":"type-post","3":"status-publish","4":"format-standard","5":"has-post-thumbnail","7":"category-principais-noticias","8":"tag-breaking-news","9":"tag-breakingnews","10":"tag-featured-news","11":"tag-featurednews","12":"tag-headlines","13":"tag-latest-news","14":"tag-latestnews","15":"tag-main-news","16":"tag-mainnews","17":"tag-news","18":"tag-noticias","19":"tag-noticias-principais","20":"tag-noticiasprincipais","21":"tag-portugal","22":"tag-principais-noticias","23":"tag-principaisnoticias","24":"tag-pt","25":"tag-top-stories","26":"tag-topstories","27":"tag-ultimas","28":"tag-ultimas-noticias","29":"tag-ultimasnoticias"},"share_on_mastodon":{"url":"https:\/\/pubeurope.com\/@pt\/115882454213769436","error":""},"_links":{"self":[{"href":"https:\/\/www.europesays.com\/pt\/wp-json\/wp\/v2\/posts\/226107","targetHints":{"allow":["GET"]}}],"collection":[{"href":"https:\/\/www.europesays.com\/pt\/wp-json\/wp\/v2\/posts"}],"about":[{"href":"https:\/\/www.europesays.com\/pt\/wp-json\/wp\/v2\/types\/post"}],"author":[{"embeddable":true,"href":"https:\/\/www.europesays.com\/pt\/wp-json\/wp\/v2\/users\/2"}],"replies":[{"embeddable":true,"href":"https:\/\/www.europesays.com\/pt\/wp-json\/wp\/v2\/comments?post=226107"}],"version-history":[{"count":0,"href":"https:\/\/www.europesays.com\/pt\/wp-json\/wp\/v2\/posts\/226107\/revisions"}],"wp:featuredmedia":[{"embeddable":true,"href":"https:\/\/www.europesays.com\/pt\/wp-json\/wp\/v2\/media\/226108"}],"wp:attachment":[{"href":"https:\/\/www.europesays.com\/pt\/wp-json\/wp\/v2\/media?parent=226107"}],"wp:term":[{"taxonomy":"category","embeddable":true,"href":"https:\/\/www.europesays.com\/pt\/wp-json\/wp\/v2\/categories?post=226107"},{"taxonomy":"post_tag","embeddable":true,"href":"https:\/\/www.europesays.com\/pt\/wp-json\/wp\/v2\/tags?post=226107"}],"curies":[{"name":"wp","href":"https:\/\/api.w.org\/{rel}","templated":true}]}}