{"id":226113,"date":"2026-01-12T13:55:06","date_gmt":"2026-01-12T13:55:06","guid":{"rendered":"https:\/\/www.europesays.com\/pt\/226113\/"},"modified":"2026-01-12T13:55:06","modified_gmt":"2026-01-12T13:55:06","slug":"escrevi-a-kiss-me-numa-altura-em-que-percebi-que-precisava-de-abrandar","status":"publish","type":"post","link":"https:\/\/www.europesays.com\/pt\/226113\/","title":{"rendered":"Escrevi a &#8216;KISS ME&#8217; numa altura em que percebi que precisava de abrandar"},"content":{"rendered":"<p>\u201cKISS ME\u201d \u00e9 o novo single de MARO. O tema antecipa o novo \u00e1lbum da artista portuguesa, \u201cSO MUCH HAS CHANGED\u201d, que chega a 27 de janeiro.<\/p>\n<p>&#8220;Escrevi &#8216;KISS ME&#8217; numa altura em que percebi que precisava de abrandar e estar na minha pr\u00f3pria companhia \u2014 focar-me em mim, no que me entusiasma e nos meus sonhos\u201d, conta a cantora.<\/p>\n<p>Segundo MARO, o tema \u00e9 \u201csobre a energia e a alegria de uma liga\u00e7\u00e3o\u201d. \u201c\u2018KISS ME\u2019, a mim pr\u00f3pria. Ainda assim, espero que quem a ou\u00e7a a possa interpretar livremente. Pode ser sobre um amor novo, um amor passado, uma amizade, a fam\u00edlia\u2026 \u00c9 sobre a energia e a alegria de uma liga\u00e7\u00e3o, independentemente da forma que ela toma\u201d, acrescenta a artista.<\/p>\n<p>O disco \u201cSO MUCH HAS CHANGED\u201d, que ser\u00e1 editado a 27 de janeiro, reflete um per\u00edodo de profunda transforma\u00e7\u00e3o na vida de MARO. \u201cUm momento de introspe\u00e7\u00e3o, gratid\u00e3o e um sentido de admira\u00e7\u00e3o por tudo o que j\u00e1 aconteceu at\u00e9 aqui\u201d, destaca a Sony Music em comunicado.<\/p>\n<p>A artista vai apresentar o \u00e1lbum na sua nova digress\u00e3o mundial, com passagem confirmada por Portugal, a 26 mar\u00e7o, no Coliseu dos Recreios, em Lisboa, e a 28 de mar\u00e7o no Coliseu do Porto.<\/p>\n","protected":false},"excerpt":{"rendered":"\u201cKISS ME\u201d \u00e9 o novo single de MARO. O tema antecipa o novo \u00e1lbum da artista portuguesa, \u201cSO&hellip;\n","protected":false},"author":2,"featured_media":226114,"comment_status":"","ping_status":"","sticky":false,"template":"","format":"standard","meta":{"footnotes":""},"categories":[141],"tags":[114,115,149,150,32,33],"class_list":{"0":"post-226113","1":"post","2":"type-post","3":"status-publish","4":"format-standard","5":"has-post-thumbnail","7":"category-musica","8":"tag-entertainment","9":"tag-entretenimento","10":"tag-music","11":"tag-musica","12":"tag-portugal","13":"tag-pt"},"share_on_mastodon":{"url":"https:\/\/pubeurope.com\/@pt\/115882473999677171","error":""},"_links":{"self":[{"href":"https:\/\/www.europesays.com\/pt\/wp-json\/wp\/v2\/posts\/226113","targetHints":{"allow":["GET"]}}],"collection":[{"href":"https:\/\/www.europesays.com\/pt\/wp-json\/wp\/v2\/posts"}],"about":[{"href":"https:\/\/www.europesays.com\/pt\/wp-json\/wp\/v2\/types\/post"}],"author":[{"embeddable":true,"href":"https:\/\/www.europesays.com\/pt\/wp-json\/wp\/v2\/users\/2"}],"replies":[{"embeddable":true,"href":"https:\/\/www.europesays.com\/pt\/wp-json\/wp\/v2\/comments?post=226113"}],"version-history":[{"count":0,"href":"https:\/\/www.europesays.com\/pt\/wp-json\/wp\/v2\/posts\/226113\/revisions"}],"wp:featuredmedia":[{"embeddable":true,"href":"https:\/\/www.europesays.com\/pt\/wp-json\/wp\/v2\/media\/226114"}],"wp:attachment":[{"href":"https:\/\/www.europesays.com\/pt\/wp-json\/wp\/v2\/media?parent=226113"}],"wp:term":[{"taxonomy":"category","embeddable":true,"href":"https:\/\/www.europesays.com\/pt\/wp-json\/wp\/v2\/categories?post=226113"},{"taxonomy":"post_tag","embeddable":true,"href":"https:\/\/www.europesays.com\/pt\/wp-json\/wp\/v2\/tags?post=226113"}],"curies":[{"name":"wp","href":"https:\/\/api.w.org\/{rel}","templated":true}]}}